{"id":13405,"date":"2025-10-22T14:17:00","date_gmt":"2025-10-22T17:17:00","guid":{"rendered":"https:\/\/lalupa24.com.ar\/?p=13405"},"modified":"2025-10-23T11:18:36","modified_gmt":"2025-10-23T14:18:36","slug":"convenio-con-la-universidad-de-la-cuenca-del-plata-para-fortalecer-la-capacitacion-del-personal-legislativo-del-chaco","status":"publish","type":"post","link":"https:\/\/lalupa24.com.ar\/index.php\/2025\/10\/22\/convenio-con-la-universidad-de-la-cuenca-del-plata-para-fortalecer-la-capacitacion-del-personal-legislativo-del-chaco\/","title":{"rendered":"Convenio con la Universidad de la Cuenca del Plata para fortalecer la capacitaci\u00f3n del personal legislativo del Chaco"},"content":{"rendered":"\n<p><\/p>\n\n\n\n<p>La presidente de la Legislatura chaque\u00f1a, Carmen Delgado, firm\u00f3 junto a la rectora de la Universidad de la Cuenca del Plata, Florencia Rodr\u00edguez, un convenio de cooperaci\u00f3n para capacitar al personal de la Direcci\u00f3n de Prensa y Difusi\u00f3n en marketing digital y redes sociales.<\/p>\n\n\n\n<p>El acuerdo se enmarca en la pol\u00edtica institucional de promover la actualizaci\u00f3n profesional continua y una comunicaci\u00f3n p\u00fablica m\u00e1s cercana y transparente con la ciudadan\u00eda.<\/p>\n\n\n\n<p>Del acto participaron tambi\u00e9n la decana de la Facultad de Ingenier\u00eda, Tecnolog\u00eda y Arquitectura, Martina Perduca; la secretaria de Relaciones Institucionales, Natalia Valenzuela; el secretario de C\u00e1mara Gustavo Corradi, el prosecretario T\u00e9cnico de la Legislatura, Julio Salcedo y la directora de Prensa y Difusi\u00f3n, Luc\u00eda Gavello.<\/p>\n\n\n\n<p>Delgado destac\u00f3 la importancia de impulsar la capacitaci\u00f3n permanente en el \u00e1mbito legislativo y explic\u00f3 que &#8220;este es el puntapi\u00e9 inicial de un trabajo conjunto con la Universidad de la Cuenca del Plata para formar al personal de las distintas \u00e1reas del Poder Legislativo&#8221;.<\/p>\n\n\n\n<p>&#8220;Iniciamos con la Direcci\u00f3n de Prensa y Difusi\u00f3n, entendiendo que una comunicaci\u00f3n p\u00fablica moderna y orientada al ciudadano contribuye a fortalecer los v\u00ednculos entre el Estado y la comunidad&#8221;, expres\u00f3.<\/p>\n\n\n\n<p>Asimismo, subray\u00f3 que el objetivo de esta gesti\u00f3n es &#8220;fortalecer las distintas dependencias del Poder Legislativo, brindando a los trabajadores las herramientas necesarias para optimizar su desempe\u00f1o y servicio&#8221;.<\/p>\n\n\n\n<p>A trav\u00e9s del convenio, ambas instituciones se comprometen a facilitar las acciones necesarias para implementar este proyecto de capacitaci\u00f3n, orientado al fortalecimiento de competencias comunicacionales y al uso estrat\u00e9gico de herramientas digitales.<\/p>\n\n\n\n<p>La iniciativa busca mejorar la comunicaci\u00f3n institucional en medios digitales y tradicionales, impulsando la actualizaci\u00f3n permanente del personal y promoviendo una gesti\u00f3n m\u00e1s abierta, participativa y con perspectiva de derechos.<\/p>\n","protected":false},"excerpt":{"rendered":"<p>La presidente de la Legislatura chaque\u00f1a, Carmen Delgado, firm\u00f3 junto a la rectora de la Universidad de la Cuenca del Plata, Florencia Rodr\u00edguez, un convenio de cooperaci\u00f3n para capacitar al personal de la Direcci\u00f3n de Prensa y Difusi\u00f3n en marketing digital y redes sociales. El acuerdo se enmarca en la pol\u00edtica institucional de promover la [&hellip;]<\/p>\n","protected":false},"author":2,"featured_media":13406,"comment_status":"open","ping_status":"open","sticky":false,"template":"","format":"standard","meta":{"footnotes":""},"categories":[28],"tags":[],"class_list":{"0":"post-13405","1":"post","2":"type-post","3":"status-publish","4":"format-standard","5":"has-post-thumbnail","7":"category-locales"},"aioseo_notices":[],"_links":{"self":[{"href":"https:\/\/lalupa24.com.ar\/index.php\/wp-json\/wp\/v2\/posts\/13405","targetHints":{"allow":["GET"]}}],"collection":[{"href":"https:\/\/lalupa24.com.ar\/index.php\/wp-json\/wp\/v2\/posts"}],"about":[{"href":"https:\/\/lalupa24.com.ar\/index.php\/wp-json\/wp\/v2\/types\/post"}],"author":[{"embeddable":true,"href":"https:\/\/lalupa24.com.ar\/index.php\/wp-json\/wp\/v2\/users\/2"}],"replies":[{"embeddable":true,"href":"https:\/\/lalupa24.com.ar\/index.php\/wp-json\/wp\/v2\/comments?post=13405"}],"version-history":[{"count":1,"href":"https:\/\/lalupa24.com.ar\/index.php\/wp-json\/wp\/v2\/posts\/13405\/revisions"}],"predecessor-version":[{"id":13407,"href":"https:\/\/lalupa24.com.ar\/index.php\/wp-json\/wp\/v2\/posts\/13405\/revisions\/13407"}],"wp:featuredmedia":[{"embeddable":true,"href":"https:\/\/lalupa24.com.ar\/index.php\/wp-json\/wp\/v2\/media\/13406"}],"wp:attachment":[{"href":"https:\/\/lalupa24.com.ar\/index.php\/wp-json\/wp\/v2\/media?parent=13405"}],"wp:term":[{"taxonomy":"category","embeddable":true,"href":"https:\/\/lalupa24.com.ar\/index.php\/wp-json\/wp\/v2\/categories?post=13405"},{"taxonomy":"post_tag","embeddable":true,"href":"https:\/\/lalupa24.com.ar\/index.php\/wp-json\/wp\/v2\/tags?post=13405"}],"curies":[{"name":"wp","href":"https:\/\/api.w.org\/{rel}","templated":true}]}}