{"id":1341,"date":"2024-05-17T19:22:00","date_gmt":"2024-05-17T22:22:00","guid":{"rendered":"https:\/\/lalupa24.com.ar\/?p=1341"},"modified":"2024-05-17T22:25:22","modified_gmt":"2024-05-18T01:25:22","slug":"se-realizo-hoy-el-congreso-de-cultura-de-los-pueblos-originarios-en-presencia-roca","status":"publish","type":"post","link":"https:\/\/lalupa24.com.ar\/index.php\/2024\/05\/17\/se-realizo-hoy-el-congreso-de-cultura-de-los-pueblos-originarios-en-presencia-roca\/","title":{"rendered":"Se realiz\u00f3 hoy el congreso de cultura de los pueblos originarios en Presencia Roca"},"content":{"rendered":"\n<p><\/p>\n\n\n\n<p><em>El presidente del Instituto de Cultura del Chaco (ICCH), Mario Zorrilla, junto a miembros del Directorio y referentes de las etnias Qom, Moqoit y Wichi, acompa\u00f1\u00f3, este viernes, en Presidencia Roca, el Congreso de Cultura de los Pueblos Originarios, en el marco del cual la cartera cultural busca articular acciones con las comunidades, eligiendo en ese contexto a quienes se postulen para representarlas en la vocal\u00eda del Instituto.<\/em><\/p>\n\n\n\n<p><em>En el marco del encuentro, del que tambi\u00e9n participaron la coordinadora del \u00c1rea de Cultura, Tibisay Zamora Aray, y el intendente local, Gustavo Martinez, el titular de la cartera cultural adelant\u00f3 que, al evento que por Ley debe realizarse cada cuatro a\u00f1os, \u201ctenemos pensado hacerlo de forma m\u00e1s seguida, una vez al a\u00f1o al menos\u201d.<\/em><br>En ese sentido, agreg\u00f3: \u201cEntendemos que todas las pol\u00edticas del Estado hacia los pueblos originarios deben estar instrumentadas por integrantes de la comunidad, de manera que los convocamos para poder discutir cu\u00e1les son las acciones, proyectos y pol\u00edticas que se aplicar\u00e1n\u201d.<br>Por otra parte, Zorrilla remarc\u00f3 la importancia de \u201cpoder salir del \u00e1mbito de la ciudad de Resistencia, porque es fundamental territorializar, poder entender la idiosincrasia de lo que pasa en el interior de nuestro Chaco\u201d, aclarando que, a partir de la realizaci\u00f3n de este Congreso, quedar\u00e1 abierto un per\u00edodo de presentaci\u00f3n de diez d\u00edas, en el marco de los cuales se podr\u00e1n proponer autoridades para la Direcci\u00f3n de Pueblos Originarios (cuesti\u00f3n establecida por Ley), que ser\u00e1n propuestas y elevadas al Poder Ejecutivo para su designaci\u00f3n.<br>El encuentro tambi\u00e9n fue aprovechado para la realizaci\u00f3n de capacitaciones y formaciones, que estuvieron a cargo de docentes de la Universidad Nacional del Nordeste (UNNE), quienes compartieron con los presentes pol\u00edticas educativas, talleres y todo aquello vinculado a la educaci\u00f3n superior de los pueblos originarios.<\/p>\n\n\n\n<p><em>Derechos culturales y l\u00edneas de acci\u00f3n vinculadas a las necesidades<\/em><\/p>\n\n\n\n<p>A su turno, la referente, Tibisay Zamora Aray, celebr\u00f3 el retorno de las sesiones del Congreso, y explic\u00f3 que durante toda la ma\u00f1ana sesionaron, trabajando ejes de formaci\u00f3n, de salud y, durante este espacio, las personas que estuvieron trabajando contaron sus experiencias sobre la formaci\u00f3n que ha existido, hasta ahora con los pueblos originarios. \u201cDesde el Instituto de Cultura se aport\u00f3 con toda la parte que tiene que ver con los derechos culturales, porque estamos promoviendo esta l\u00ednea vinculada al registro de las obras, el derecho de autor, los registros patrimoniales\u201d, explic\u00f3.<br>Entre otras cuestiones, Zamora destac\u00f3 la recepci\u00f3n de la gente, que comparti\u00f3 sus posibilidades, lo que hay, lo que se puede proteger, y algunas dificultades y, ese sentido aclar\u00f3 que \u201cla propuesta del Instituto de Cultura es que las l\u00edneas pol\u00edticas de acci\u00f3n est\u00e9n relacionadas con el Congreso mismo\u201d. \u201cNosotros tomamos lo que se habla ac\u00e1 para trabajarlo en la l\u00ednea directiva y poder, a su vez, ejecutarlo junto con las comunidades y no sea una pol\u00edtica separada de lo que realmente piden y necesitan\u201d, concluy\u00f3.<br>En tanto que el intendente local, Gustavo Mart\u00ednez expres\u00f3 su felicidad por la elecci\u00f3n de Presidencia Roca como sede del Congreso y asegur\u00f3: \u201cSabemos la necesidad de estos encuentros para insertar todos los proyectos, todas las demandas, todas las inquietudes, todos los sue\u00f1os que tienen nuestras comunidades originarias; y los ni\u00f1os, los j\u00f3venes que son el presente y seguramente van a contribuir para el futuro\u201d.<\/p>\n","protected":false},"excerpt":{"rendered":"<p>El presidente del Instituto de Cultura del Chaco (ICCH), Mario Zorrilla, junto a miembros del Directorio y referentes de las etnias Qom, Moqoit y Wichi, acompa\u00f1\u00f3, este viernes, en Presidencia Roca, el Congreso de Cultura de los Pueblos Originarios, en el marco del cual la cartera cultural busca articular acciones con las comunidades, eligiendo en [&hellip;]<\/p>\n","protected":false},"author":2,"featured_media":1342,"comment_status":"open","ping_status":"open","sticky":false,"template":"","format":"standard","meta":{"footnotes":""},"categories":[27,28],"tags":[],"class_list":{"0":"post-1341","1":"post","2":"type-post","3":"status-publish","4":"format-standard","5":"has-post-thumbnail","7":"category-interior","8":"category-locales"},"aioseo_notices":[],"_links":{"self":[{"href":"https:\/\/lalupa24.com.ar\/index.php\/wp-json\/wp\/v2\/posts\/1341","targetHints":{"allow":["GET"]}}],"collection":[{"href":"https:\/\/lalupa24.com.ar\/index.php\/wp-json\/wp\/v2\/posts"}],"about":[{"href":"https:\/\/lalupa24.com.ar\/index.php\/wp-json\/wp\/v2\/types\/post"}],"author":[{"embeddable":true,"href":"https:\/\/lalupa24.com.ar\/index.php\/wp-json\/wp\/v2\/users\/2"}],"replies":[{"embeddable":true,"href":"https:\/\/lalupa24.com.ar\/index.php\/wp-json\/wp\/v2\/comments?post=1341"}],"version-history":[{"count":1,"href":"https:\/\/lalupa24.com.ar\/index.php\/wp-json\/wp\/v2\/posts\/1341\/revisions"}],"predecessor-version":[{"id":1343,"href":"https:\/\/lalupa24.com.ar\/index.php\/wp-json\/wp\/v2\/posts\/1341\/revisions\/1343"}],"wp:featuredmedia":[{"embeddable":true,"href":"https:\/\/lalupa24.com.ar\/index.php\/wp-json\/wp\/v2\/media\/1342"}],"wp:attachment":[{"href":"https:\/\/lalupa24.com.ar\/index.php\/wp-json\/wp\/v2\/media?parent=1341"}],"wp:term":[{"taxonomy":"category","embeddable":true,"href":"https:\/\/lalupa24.com.ar\/index.php\/wp-json\/wp\/v2\/categories?post=1341"},{"taxonomy":"post_tag","embeddable":true,"href":"https:\/\/lalupa24.com.ar\/index.php\/wp-json\/wp\/v2\/tags?post=1341"}],"curies":[{"name":"wp","href":"https:\/\/api.w.org\/{rel}","templated":true}]}}