{"id":13414,"date":"2025-10-23T11:34:09","date_gmt":"2025-10-23T14:34:09","guid":{"rendered":"https:\/\/lalupa24.com.ar\/?p=13414"},"modified":"2025-10-23T11:34:10","modified_gmt":"2025-10-23T14:34:10","slug":"el-secretario-de-justicia-adelanto-que-designaran-nuevos-jueces-luego-de-las-elecciones-es-el-deber-de-todo-gobierno","status":"publish","type":"post","link":"https:\/\/lalupa24.com.ar\/index.php\/2025\/10\/23\/el-secretario-de-justicia-adelanto-que-designaran-nuevos-jueces-luego-de-las-elecciones-es-el-deber-de-todo-gobierno\/","title":{"rendered":"El secretario de Justicia adelant\u00f3 que designar\u00e1n nuevos jueces luego de las elecciones: &#8220;Es el deber de todo gobierno&#8221;"},"content":{"rendered":"\n<p>Lo afirm\u00f3 el secretario de Justicia, Sebasti\u00e1n Amerio. Ser\u00edan las primeras designaciones de jueces durante la presidencia de Javier Milei. El funcionario tambi\u00e9n habl\u00f3 de la tasa de homicidios de Argentina y asegur\u00f3: &#8220;Estamos casi en \u00edndices europeos&#8221;.<\/p>\n\n\n\n<p>El secretario de justicia, Sebastian Amerio, dijo este mi\u00e9rcoles que\u00a0se designar\u00e1n nuevos jueces tras mlas elecciones legislativas nacionales del proximo domingo 26 de octubre <\/p>\n\n\n\n<p>El funcionario hizo el adelanto\u00a0en el canal de streaming Crajo Tv, durante el programa conducido por\u00a0Daniel Parisini, l\u00edder de &#8220;Las Fuerzas del Cielo&#8221;  y m\u00e1s conocido como &#8220;Gordo Dan&#8221;<\/p>\n\n\n\n<p>Amerio sostuvo que, durante el gobierno de Alberto Fern\u00e1ndez, \u201cla \u00fanica pol\u00edtica que dec\u00edan tener para combatir los homicidios de las mujeres\u00a0era ese ministerio de propaganda\u00a0(en referencia al Ministerio de la Mujer y la Equidad de G\u00e9nero), y descuidaron todas las otras pol\u00edticas\u201d.<\/p>\n\n\n\n<p>\u201cDescuidaron la pol\u00edtica judicial, porque no nombraban jueces\u201d, indic\u00f3 el secretario de Justicia, y agreg\u00f3: \u201cEs el deber de todo gobierno nombrar jueces,\u00a0que es lo que vamos a hacer nosotros despu\u00e9s de las elecciones\u201d.<\/p>\n\n\n\n<p>Esta decisi\u00f3n ya hab\u00eda sido anticipada por el presidente Milei\u00a0durante la apertura de sesiones ordinarias del Congreso. En esa ocasi\u00f3n, el mandatario explic\u00f3 que enviar\u00eda al Senado los pliegos de jueces, fiscales y defensores para cubrir las vacantes en la Justicia federal que \u201choy faltan designar, y que son alrededor del 40% de los magistrados\u201d.<\/p>\n\n\n\n<p>El porcentaje es correcto. Seg\u00fan cifras oficiales del Ministerio de Justicia, los cargos vacantes en la Justicia federal, incluyendo juzgados, fiscal\u00edas y defensor\u00edas, representan un 33% del total; en el caso del Ministerio P\u00fablico Fiscal, la cifra supera el 40%.<\/p>\n\n\n\n<p>Lo que Milei no mencion\u00f3 es que el problema de las vacantes se profundiz\u00f3 durante su propia gesti\u00f3n, ya que desde que asumi\u00f3 como presidente no se design\u00f3 ning\u00fan magistrado federal.<\/p>\n\n\n\n<p>Al no producirse nuevos nombramientos, las vacantes generadas por renuncias, jubilaciones o fallecimientos de magistrados desde diciembre de 2023\u00a0aumentaron la proporci\u00f3n de juzgados, fiscal\u00edas y defensor\u00edas sin cubrir.<\/p>\n\n\n\n<p>De hecho,\u00a0una de las primeras medidas del gobierno de Milei, en diciembre de 2023, fue retirar del Senado todos los pliegos de jueces, fiscales y defensores\u00a0enviados por el expresidente Alberto Fern\u00e1ndez que a\u00fan estaban pendientes de aprobaci\u00f3n legislativa.<\/p>\n\n\n\n<p>En el caso de los jueces,\u00a0es la primera vez desde el a\u00f1o 2000 que el Poder Ejecutivo no realiza designaciones.<\/p>\n\n\n\n<p>Los motivos podr\u00edan ser diversos, aunque\u00a0la causa m\u00e1s probable es la debilidad de La Libertad Avanza en el Congreso.<\/p>\n\n\n\n<p>El Poder Judicial de la Naci\u00f3n, el Ministerio P\u00fablico Fiscal y el Ministerio P\u00fablico de la Defensa cuentan, cada uno, con su propio sistema de concursos para seleccionar magistrados.\u00a0Lo que tienen en com\u00fan los tres es que requieren del acuerdo posterior del Senado.<\/p>\n\n\n\n<p>Es posible que el Gobierno decida avanzar con nuevas designaciones de jueces\u00a0ante la nueva composici\u00f3n del Congreso, que el Ejecutivo espera sea m\u00e1s favorable, al contar con m\u00e1s bancas propias y de aliados.<\/p>\n\n\n\n<h2 class=\"wp-block-heading\"><strong>Sebasti\u00e1n Amerio sobre la tasa de homicidios de Argentina: \u201cEstamos casi en \u00edndices europeos\u201d<\/strong><\/h2>\n\n\n\n<p>En otra parte de la entrevista, Amerio se refiri\u00f3 a la tasa de homicidios en Argentina y asegur\u00f3 que: \u201cEstamos casi en \u00edndices europeos\u201d.<\/p>\n\n\n\n<p>El funcionario explic\u00f3 que el gobierno de Milei trabaja \u201cpara que\u00a0el ciudadano de bien se deje de sentir mal porque el otro, el chorro, el delincuente, la pasa bien\u201d, y agreg\u00f3 que \u201ceste pa\u00eds es un chiste\u201d<\/p>\n\n\n\n<p>Amerio detall\u00f3 que, al asumir la gesti\u00f3n libertaria, \u201cten\u00edamos (una tasa de) 5,5 de homicidios cada 100.000 habitantes.\u00a0Estamos en 3,7. Estamos casi en \u00edndices europeos\u201d.<\/p>\n\n\n\n<p>No obstante, la cifra no coincide con los datos oficiales de organismos internacionales. Seg\u00fan el sitio especializado\u00a0<em>Datosmacro<\/em>, una tasa de homicidios de 3,7, como indic\u00f3 Amerio,\u00a0coloca a Argentina a la par de pa\u00edses como Moldavia (3,08), Turqu\u00eda (3,23), Estonia (3,69) y Birmania (3,9).<\/p>\n\n\n\n<p>En contraste, en los pa\u00edses europeos m\u00e1s cercanos a la Argentina,\u00a0Datosmacro\u00a0registra tasas mucho m\u00e1s bajas:\u00a0Italia tiene 0,57, Espa\u00f1a 0,69, Portugal 0,72, Alemania 0,91 y Francia 1,34\u00a0homicidios por cada 100.000 habitantes.<\/p>\n\n\n\n<p>Seg\u00fan informaci\u00f3n de la organizaci\u00f3n internacional especializada\u00a0<em>Insight Crime<\/em>, los pa\u00edses de Am\u00e9rica Latina y el Caribe con las tasas m\u00e1s altas de homicidios son\u00a0Venezuela (26,2), Colombia (25,4), Honduras (25,3) y Brasil (21,1).<\/p>\n\n\n\n<p>En el caso de Argentina,\u00a0se encuentra por debajo de Chile (5,50) y por encima de Bolivia (3,00). Uruguay, en tanto, presenta una tasa de homicidios de 10,6 por cada 100.000 habitantes, siendo la m\u00e1s elevada de Am\u00e9rica del Sur.<\/p>\n\n\n\n<p><\/p>\n","protected":false},"excerpt":{"rendered":"<p>Lo afirm\u00f3 el secretario de Justicia, Sebasti\u00e1n Amerio. Ser\u00edan las primeras designaciones de jueces durante la presidencia de Javier Milei. El funcionario tambi\u00e9n habl\u00f3 de la tasa de homicidios de Argentina y asegur\u00f3: &#8220;Estamos casi en \u00edndices europeos&#8221;. El secretario de justicia, Sebastian Amerio, dijo este mi\u00e9rcoles que\u00a0se designar\u00e1n nuevos jueces tras mlas elecciones legislativas [&hellip;]<\/p>\n","protected":false},"author":2,"featured_media":13415,"comment_status":"open","ping_status":"open","sticky":false,"template":"","format":"standard","meta":{"footnotes":""},"categories":[26],"tags":[],"class_list":{"0":"post-13414","1":"post","2":"type-post","3":"status-publish","4":"format-standard","5":"has-post-thumbnail","7":"category-nacionales"},"aioseo_notices":[],"_links":{"self":[{"href":"https:\/\/lalupa24.com.ar\/index.php\/wp-json\/wp\/v2\/posts\/13414","targetHints":{"allow":["GET"]}}],"collection":[{"href":"https:\/\/lalupa24.com.ar\/index.php\/wp-json\/wp\/v2\/posts"}],"about":[{"href":"https:\/\/lalupa24.com.ar\/index.php\/wp-json\/wp\/v2\/types\/post"}],"author":[{"embeddable":true,"href":"https:\/\/lalupa24.com.ar\/index.php\/wp-json\/wp\/v2\/users\/2"}],"replies":[{"embeddable":true,"href":"https:\/\/lalupa24.com.ar\/index.php\/wp-json\/wp\/v2\/comments?post=13414"}],"version-history":[{"count":1,"href":"https:\/\/lalupa24.com.ar\/index.php\/wp-json\/wp\/v2\/posts\/13414\/revisions"}],"predecessor-version":[{"id":13416,"href":"https:\/\/lalupa24.com.ar\/index.php\/wp-json\/wp\/v2\/posts\/13414\/revisions\/13416"}],"wp:featuredmedia":[{"embeddable":true,"href":"https:\/\/lalupa24.com.ar\/index.php\/wp-json\/wp\/v2\/media\/13415"}],"wp:attachment":[{"href":"https:\/\/lalupa24.com.ar\/index.php\/wp-json\/wp\/v2\/media?parent=13414"}],"wp:term":[{"taxonomy":"category","embeddable":true,"href":"https:\/\/lalupa24.com.ar\/index.php\/wp-json\/wp\/v2\/categories?post=13414"},{"taxonomy":"post_tag","embeddable":true,"href":"https:\/\/lalupa24.com.ar\/index.php\/wp-json\/wp\/v2\/tags?post=13414"}],"curies":[{"name":"wp","href":"https:\/\/api.w.org\/{rel}","templated":true}]}}