{"id":13483,"date":"2025-10-24T11:12:45","date_gmt":"2025-10-24T14:12:45","guid":{"rendered":"https:\/\/lalupa24.com.ar\/?p=13483"},"modified":"2025-10-24T11:12:47","modified_gmt":"2025-10-24T14:12:47","slug":"redesignacion-profunda-las-72-horas-cruciales-de-milei-para-reconfigurar-el-gabinete-tras-las-elecciones","status":"publish","type":"post","link":"https:\/\/lalupa24.com.ar\/index.php\/2025\/10\/24\/redesignacion-profunda-las-72-horas-cruciales-de-milei-para-reconfigurar-el-gabinete-tras-las-elecciones\/","title":{"rendered":"REDESIGNACI\u00d3N PROFUNDA: LAS 72 HORAS CRUCIALES DE MILEI PARA RECONFIGURAR EL GABINETE TRAS LAS ELECCIONES"},"content":{"rendered":"\n<p>.El presidente Javier Milei enfrenta un fin de semana decisivo que se extender\u00e1 hasta el lunes postelectoral, con la misi\u00f3n de redefinir la arquitectura de su Gobierno y nombrar a los reemplazos de ministros clave que migran al Poder Legislativo. La inminente reestructuraci\u00f3n no solo responde a las bajas obligadas de figuras como Patricia Bullrich (Seguridad) y Luis Petri (Defensa), sino que tambi\u00e9n busca alinear el equipo con la segunda etapa de gesti\u00f3n, enfocada en impulsar reformas de &#8220;segunda generaci\u00f3n&#8221; que requieren un engranaje pol\u00edtico m\u00e1s aceitado y eficaz. La magnitud de los cambios sugiere una profunda revisi\u00f3n de roles y estructuras ministeriales.<\/p>\n\n\n\n<p>Las vacantes m\u00e1s notorias se generan por el \u00e9xito electoral de sus funcionarios: Patricia Bullrich se encamina a ocupar una banca en el Senado por la Ciudad de Buenos Aires y Luis Petri har\u00eda lo propio en la C\u00e1mara de Diputados por Mendoza, sum\u00e1ndose a Manuel Adorni, ya electo legislador por la Ciudad. Esta circunstancia, si bien celebrada por la consolidaci\u00f3n del espacio en el Congreso, obliga a Milei a actuar con celeridad para evitar vac\u00edos de poder en carteras sensibles. En el caso de Seguridad, la actual ministra ha manifestado su intenci\u00f3n de que Alejandra Monteoliva, una colaboradora de su extrema confianza, contin\u00fae con su impronta, una se\u00f1al de la compleja transici\u00f3n que se avecina.<\/p>\n\n\n\n<p>Sin embargo, el reacomodamiento trasciende los nombramientos obligados. El propio presidente ha transparentado que la reconfiguraci\u00f3n del Gabinete est\u00e1 ligada al resultado que obtenga La Libertad Avanza en las urnas y la correlaci\u00f3n de fuerzas que emerja en el Congreso a partir del lunes. Este redise\u00f1o, seg\u00fan analistas pol\u00edticos, es crucial para enfrentar un &#8220;Congreso destituyente&#8221;, tal como lo defini\u00f3 Milei d\u00edas atr\u00e1s, un entorno hostil que exige una mayor pericia negociadora y capacidad de construcci\u00f3n de acuerdos transversales. El Ministerio del Interior, en este contexto, ganar\u00eda un peso estrat\u00e9gico vital para recomponer v\u00ednculos desgastados con los gobernadores y legisladores de provincias aliadas.<\/p>\n\n\n\n<p>En los c\u00edrculos de poder, se especula con una fusi\u00f3n de ministerios y una eventual promoci\u00f3n de figuras que hasta ahora operaron en las sombras, como Santiago Caputo, cuyo rol podr\u00eda elevarse a un cargo con firma en el Ejecutivo. Este movimiento, si se concreta, indicar\u00eda una mayor institucionalizaci\u00f3n de su influencia en la estrategia de gobierno. La redefinici\u00f3n de la Canciller\u00eda, pese a la disposici\u00f3n de Diana Mondino a seguir acompa\u00f1ando, y la reubicaci\u00f3n de la Jefatura de Gabinete tambi\u00e9n est\u00e1n en el centro del debate interno, buscando un esquema que no solo garantice la estabilidad macroecon\u00f3mica, sino que tambi\u00e9n asegure la gobernabilidad.<\/p>\n\n\n\n<p>La presi\u00f3n externa, especialmente de organismos de cr\u00e9dito y el Gobierno de Estados Unidos, que han brindado un fenomenal rescate al programa econ\u00f3mico, se suma a la necesidad de mostrar un Gabinete s\u00f3lido y capaz de sostener las reformas estructurales prometidas. El mercado estar\u00e1 atento a los nombres que se designen en carteras econ\u00f3micas y pol\u00edticas, pues de ellos depender\u00e1 la credibilidad de la hoja de ruta en un contexto de alt\u00edsima inflaci\u00f3n y exigencias de ajuste fiscal. La capacidad de Milei para balancear lealtad ideol\u00f3gica con pericia t\u00e9cnica ser\u00e1 la vara con la que se medir\u00e1n estos cambios.<\/p>\n\n\n\n<p>El lunes por la noche, con el escrutinio definitivo, el presidente iniciar\u00e1 la fase final de esta ingenier\u00eda pol\u00edtica. El objetivo es claro: armar un equipo de gesti\u00f3n que pueda transformar la eventual victoria electoral en capital pol\u00edtico para la &#8220;segunda etapa&#8221; de su mandato. M\u00e1s que un mero recambio de sillas, la maniobra se lee como el intento de Milei de blindar su gobierno, fortalecer su cintura pol\u00edtica y asegurar la viabilidad de las reformas m\u00e1s ambiciosas que requieren consenso, como la prometida reforma laboral. El futuro inmediato de la gesti\u00f3n se juega en las pr\u00f3ximas 72 horas.<\/p>\n","protected":false},"excerpt":{"rendered":"<p>.El presidente Javier Milei enfrenta un fin de semana decisivo que se extender\u00e1 hasta el lunes postelectoral, con la misi\u00f3n de redefinir la arquitectura de su Gobierno y nombrar a los reemplazos de ministros clave que migran al Poder Legislativo. La inminente reestructuraci\u00f3n no solo responde a las bajas obligadas de figuras como Patricia Bullrich [&hellip;]<\/p>\n","protected":false},"author":2,"featured_media":13476,"comment_status":"open","ping_status":"open","sticky":false,"template":"","format":"standard","meta":{"footnotes":""},"categories":[26],"tags":[],"class_list":{"0":"post-13483","1":"post","2":"type-post","3":"status-publish","4":"format-standard","5":"has-post-thumbnail","7":"category-nacionales"},"aioseo_notices":[],"_links":{"self":[{"href":"https:\/\/lalupa24.com.ar\/index.php\/wp-json\/wp\/v2\/posts\/13483","targetHints":{"allow":["GET"]}}],"collection":[{"href":"https:\/\/lalupa24.com.ar\/index.php\/wp-json\/wp\/v2\/posts"}],"about":[{"href":"https:\/\/lalupa24.com.ar\/index.php\/wp-json\/wp\/v2\/types\/post"}],"author":[{"embeddable":true,"href":"https:\/\/lalupa24.com.ar\/index.php\/wp-json\/wp\/v2\/users\/2"}],"replies":[{"embeddable":true,"href":"https:\/\/lalupa24.com.ar\/index.php\/wp-json\/wp\/v2\/comments?post=13483"}],"version-history":[{"count":1,"href":"https:\/\/lalupa24.com.ar\/index.php\/wp-json\/wp\/v2\/posts\/13483\/revisions"}],"predecessor-version":[{"id":13484,"href":"https:\/\/lalupa24.com.ar\/index.php\/wp-json\/wp\/v2\/posts\/13483\/revisions\/13484"}],"wp:featuredmedia":[{"embeddable":true,"href":"https:\/\/lalupa24.com.ar\/index.php\/wp-json\/wp\/v2\/media\/13476"}],"wp:attachment":[{"href":"https:\/\/lalupa24.com.ar\/index.php\/wp-json\/wp\/v2\/media?parent=13483"}],"wp:term":[{"taxonomy":"category","embeddable":true,"href":"https:\/\/lalupa24.com.ar\/index.php\/wp-json\/wp\/v2\/categories?post=13483"},{"taxonomy":"post_tag","embeddable":true,"href":"https:\/\/lalupa24.com.ar\/index.php\/wp-json\/wp\/v2\/tags?post=13483"}],"curies":[{"name":"wp","href":"https:\/\/api.w.org\/{rel}","templated":true}]}}