{"id":13485,"date":"2025-10-24T11:13:22","date_gmt":"2025-10-24T14:13:22","guid":{"rendered":"https:\/\/lalupa24.com.ar\/?p=13485"},"modified":"2025-10-24T11:13:23","modified_gmt":"2025-10-24T14:13:23","slug":"detencion-e-imputacion-por-privacion-ilegitima-de-la-libertad-contra-la-pareja-de-lourdes-fernandez-bandana","status":"publish","type":"post","link":"https:\/\/lalupa24.com.ar\/index.php\/2025\/10\/24\/detencion-e-imputacion-por-privacion-ilegitima-de-la-libertad-contra-la-pareja-de-lourdes-fernandez-bandana\/","title":{"rendered":"DETENCI\u00d3N E IMPUTACI\u00d3N POR PRIVACI\u00d3N ILEG\u00cdTIMA DE LA LIBERTAD CONTRA LA PAREJA DE LOURDES FERN\u00c1NDEZ (BANDANA)"},"content":{"rendered":"\n<p>La Justicia ha formalizado la <strong>imputaci\u00f3n de privaci\u00f3n ileg\u00edtima de la libertad<\/strong> contra la actual pareja de Lourdes Fern\u00e1ndez, la reconocida integrante del grupo pop Bandana, tras un dram\u00e1tico operativo policial que culmin\u00f3 con la detenci\u00f3n del hombre en el domicilio que compart\u00edan. El hecho se desencaden\u00f3 a partir de una denuncia clave realizada por la cantante Lissa Vera, compa\u00f1era de banda y amiga personal de la v\u00edctima, quien alert\u00f3 sobre la situaci\u00f3n de <strong>&#8220;secuestro&#8221; y &#8220;control psicol\u00f3gico&#8221;<\/strong> al que estaba siendo sometida Fern\u00e1ndez. Este grave paso judicial evidencia un patr\u00f3n de violencia de g\u00e9nero que, seg\u00fan allegados, se hab\u00eda intensificado a pesar de denuncias previas que datan de 2022.<\/p>\n\n\n\n<p>La intervenci\u00f3n policial, coordinada con personal de la Justicia y la Divisi\u00f3n Cient\u00edfica, se produjo mediante un <strong>allanamiento en el inmueble<\/strong>, donde el imputado fue encontrado escondido en un <em>placard<\/em> y actuando &#8220;fuera de s\u00ed&#8221;, seg\u00fan informaron fuentes cercanas a la investigaci\u00f3n. El hombre, cuya identidad es reservada por el momento en el marco de la pesquisa, opuso resistencia e incluso intent\u00f3 darse a la fuga por una ventana hacia el pulm\u00f3n de manzana. La gravedad del caso llev\u00f3 a la inmediata contenci\u00f3n de la v\u00edctima, quien fue derivada para recibir atenci\u00f3n m\u00e9dica y psicol\u00f3gica, en un claro protocolo de protecci\u00f3n a v\u00edctimas de violencia.<\/p>\n\n\n\n<p>El testimonio de <strong>Lissa Vera<\/strong> ha resultado fundamental para el avance de la causa. En declaraciones p\u00fablicas, la artista describi\u00f3 un clima de terror y una relaci\u00f3n caracterizada por un <strong>&#8220;control psicol\u00f3gico evidente&#8221;<\/strong> por parte del agresor. &#8220;La ten\u00eda secuestrada, este pibe&#8221;, asever\u00f3 Vera, subrayando que la situaci\u00f3n de Fern\u00e1ndez era de &#8220;verdadero secuestro&#8221; y que la v\u00edctima hab\u00eda ocultado la magnitud del problema por miedo. La decisi\u00f3n de intervenir y denunciar se bas\u00f3 en el deterioro constante de la situaci\u00f3n desde la primera denuncia de 2022, un patr\u00f3n que expone las fallas en el seguimiento y protecci\u00f3n de v\u00edctimas en contextos de violencia de g\u00e9nero persistente.<\/p>\n\n\n\n<p>Expertos en criminal\u00edstica y psicolog\u00eda forense se\u00f1alan que este tipo de <strong>agresiones combinan violencia f\u00edsica con el control coercitivo<\/strong>, siendo la privaci\u00f3n de la libertad una de las manifestaciones m\u00e1s extremas de dominio sobre la v\u00edctima. El relato de la amiga indica que el v\u00ednculo, ensombrecido por la violencia, hab\u00eda afectado incluso su amistad, generando un &#8220;odio&#8221; expl\u00edcito del agresor hacia Vera por su intervenci\u00f3n. Este componente de <strong>aislamiento de la v\u00edctima<\/strong> de su entorno de apoyo es una t\u00e1ctica habitual para perpetuar el ciclo de abuso.<\/p>\n\n\n\n<p>Las actuaciones judiciales avanzan bajo la \u00f3rbita de la Fiscal\u00eda, que deber\u00e1 recopilar pruebas adicionales, incluidos los informes de la Divisi\u00f3n Cient\u00edfica y el testimonio ampliado de la v\u00edctima y los testigos, para determinar la car\u00e1tula final y solicitar la prisi\u00f3n preventiva. La preocupaci\u00f3n de los allegados es palpable, con Lissa Vera advirtiendo que el imputado es &#8220;una bomba de tiempo&#8221; y que &#8220;no es la primera vez que lo hace&#8221;, lo que eleva el riesgo de <strong>reincidencia<\/strong> y subraya la necesidad de una respuesta judicial rigurosa para garantizar la seguridad de Fern\u00e1ndez.<\/p>\n\n\n\n<p>El caso de Lourdes Fern\u00e1ndez se erige como un lamentable ejemplo de la <strong>vulnerabilidad<\/strong> que enfrentan muchas mujeres, incluso figuras p\u00fablicas, ante la violencia machista, poniendo en primer plano la importancia de las <strong>redes de contenci\u00f3n<\/strong> y la valent\u00eda de quienes, como Lissa Vera, intervienen para romper el ciclo de abuso. La sociedad y el sistema judicial est\u00e1n obligados a monitorear de cerca este proceso para asegurar que la imputaci\u00f3n actual se traduzca en una condena ejemplar que ofrezca justicia a la v\u00edctima y env\u00ede una se\u00f1al clara contra la impunidad en casos de extrema violencia de g\u00e9nero.<\/p>\n","protected":false},"excerpt":{"rendered":"<p>La Justicia ha formalizado la imputaci\u00f3n de privaci\u00f3n ileg\u00edtima de la libertad contra la actual pareja de Lourdes Fern\u00e1ndez, la reconocida integrante del grupo pop Bandana, tras un dram\u00e1tico operativo policial que culmin\u00f3 con la detenci\u00f3n del hombre en el domicilio que compart\u00edan. El hecho se desencaden\u00f3 a partir de una denuncia clave realizada por [&hellip;]<\/p>\n","protected":false},"author":2,"featured_media":13477,"comment_status":"open","ping_status":"open","sticky":false,"template":"","format":"standard","meta":{"footnotes":""},"categories":[26],"tags":[],"class_list":{"0":"post-13485","1":"post","2":"type-post","3":"status-publish","4":"format-standard","5":"has-post-thumbnail","7":"category-nacionales"},"aioseo_notices":[],"_links":{"self":[{"href":"https:\/\/lalupa24.com.ar\/index.php\/wp-json\/wp\/v2\/posts\/13485","targetHints":{"allow":["GET"]}}],"collection":[{"href":"https:\/\/lalupa24.com.ar\/index.php\/wp-json\/wp\/v2\/posts"}],"about":[{"href":"https:\/\/lalupa24.com.ar\/index.php\/wp-json\/wp\/v2\/types\/post"}],"author":[{"embeddable":true,"href":"https:\/\/lalupa24.com.ar\/index.php\/wp-json\/wp\/v2\/users\/2"}],"replies":[{"embeddable":true,"href":"https:\/\/lalupa24.com.ar\/index.php\/wp-json\/wp\/v2\/comments?post=13485"}],"version-history":[{"count":1,"href":"https:\/\/lalupa24.com.ar\/index.php\/wp-json\/wp\/v2\/posts\/13485\/revisions"}],"predecessor-version":[{"id":13486,"href":"https:\/\/lalupa24.com.ar\/index.php\/wp-json\/wp\/v2\/posts\/13485\/revisions\/13486"}],"wp:featuredmedia":[{"embeddable":true,"href":"https:\/\/lalupa24.com.ar\/index.php\/wp-json\/wp\/v2\/media\/13477"}],"wp:attachment":[{"href":"https:\/\/lalupa24.com.ar\/index.php\/wp-json\/wp\/v2\/media?parent=13485"}],"wp:term":[{"taxonomy":"category","embeddable":true,"href":"https:\/\/lalupa24.com.ar\/index.php\/wp-json\/wp\/v2\/categories?post=13485"},{"taxonomy":"post_tag","embeddable":true,"href":"https:\/\/lalupa24.com.ar\/index.php\/wp-json\/wp\/v2\/tags?post=13485"}],"curies":[{"name":"wp","href":"https:\/\/api.w.org\/{rel}","templated":true}]}}