{"id":13487,"date":"2025-10-24T11:14:02","date_gmt":"2025-10-24T14:14:02","guid":{"rendered":"https:\/\/lalupa24.com.ar\/?p=13487"},"modified":"2025-10-24T11:14:04","modified_gmt":"2025-10-24T14:14:04","slug":"operativo-policial-de-alto-riesgo-rescatan-a-lourdes-fernandez-de-bandana-y-detienen-a-su-pareja-por-privacion-ilegitima-de-la-libertad","status":"publish","type":"post","link":"https:\/\/lalupa24.com.ar\/index.php\/2025\/10\/24\/operativo-policial-de-alto-riesgo-rescatan-a-lourdes-fernandez-de-bandana-y-detienen-a-su-pareja-por-privacion-ilegitima-de-la-libertad\/","title":{"rendered":"OPERATIVO POLICIAL DE ALTO RIESGO: RESCATAN A LOURDES FERN\u00c1NDEZ DE BANDANA Y DETIENEN A SU PAREJA POR PRIVACI\u00d3N ILEG\u00cdTIMA DE LA LIBERTAD"},"content":{"rendered":"\n<p>Un allanamiento de urgencia, ejecutado por la Polic\u00eda de la Ciudad, culmin\u00f3 con el rescate de Lourdes Fern\u00e1ndez, conocida por su participaci\u00f3n en el grupo pop Bandana, quien se encontraba en su departamento en una situaci\u00f3n catalogada por allegados como &#8220;secuestro&#8221; y &#8220;violencia psicol\u00f3gica extrema&#8221;. El operativo, que incluy\u00f3 la participaci\u00f3n de la Divisi\u00f3n Cient\u00edfica y personal del SAME, result\u00f3 en la detenci\u00f3n de su pareja, cuyo nombre no ha sido revelado oficialmente, por el delito de privaci\u00f3n ileg\u00edtima de la libertad. La acci\u00f3n judicial se dispar\u00f3 tras una denuncia crucial de Lissa Vera, compa\u00f1era de la artista, que alert\u00f3 a las autoridades sobre el peligro inminente que corr\u00eda su amiga.<\/p>\n\n\n\n<p>El suceso de alto voltaje se desarroll\u00f3 en el domicilio de la artista. Fuentes de la investigaci\u00f3n detallaron que, al advertir la presencia policial, el agresor intent\u00f3 oponer resistencia. Cuando los efectivos irrumpieron en el lugar, encontraron al hombre escondido en un <em>placard<\/em> en un estado de descontrol, intentando evadir la detenci\u00f3n incluso por el balc\u00f3n hacia el pulm\u00f3n de manzana del edificio. El grado de resistencia y la posterior ubicaci\u00f3n del detenido en el interior del inmueble sugieren la magnitud del estado de alteraci\u00f3n que presentaba, un factor que subraya el riesgo al que estuvo expuesta la v\u00edctima.<\/p>\n\n\n\n<p>La denuncia que precipit\u00f3 la acci\u00f3n fue contundente. Lissa Vera, en un acto de valent\u00eda y urgencia, acudi\u00f3 a la Justicia para formalizar que su amiga estaba siendo v\u00edctima de un control absoluto y que la situaci\u00f3n se hab\u00eda tornado cr\u00edtica, calific\u00e1ndola de &#8220;secuestrada&#8221;. Seg\u00fan Vera, los problemas entre la pareja se arrastraban desde hac\u00eda a\u00f1os, con un recrudecimiento de la violencia a pesar de haber existido una denuncia previa en 2022. Este contexto de violencia c\u00edclica y escalada es lo que finalmente motiv\u00f3 la intervenci\u00f3n de las fuerzas de seguridad para proteger la integridad f\u00edsica y psicol\u00f3gica de Fern\u00e1ndez.<\/p>\n\n\n\n<p>El caso pone en evidencia la compleja din\u00e1mica de las relaciones de abuso, donde la v\u00edctima suele estar inmersa en un fuerte control coercitivo. El testimonio de Vera apunt\u00f3 a que exist\u00eda un &#8220;control psicol\u00f3gico evidente&#8221; por parte del agresor, quien, seg\u00fan sus dichos, manejaba las redes sociales y la vida profesional de la artista, llegando incluso a generar un &#8220;odio&#8221; expl\u00edcito hacia las personas de su entorno que intentaban intervenir. Este patr\u00f3n de aislamiento es una de las herramientas m\u00e1s poderosas del maltratador para perpetuar la dependencia y el silencio de la v\u00edctima.<\/p>\n\n\n\n<p>Tras la detenci\u00f3n, el agresor qued\u00f3 a disposici\u00f3n de la Fiscal\u00eda interviniente, que deber\u00e1 determinar la car\u00e1tula y solicitar las medidas de coerci\u00f3n pertinentes, con el cargo de privaci\u00f3n ileg\u00edtima de la libertad como eje principal. Paralelamente, Lourdes Fern\u00e1ndez fue r\u00e1pidamente asistida y trasladada para recibir atenci\u00f3n m\u00e9dica y contenci\u00f3n psicol\u00f3gica especializada, un paso fundamental para iniciar el proceso de recuperaci\u00f3n post-traum\u00e1tico. La celeridad del SAME en el lugar confirm\u00f3 la preocupaci\u00f3n institucional por el estado de la v\u00edctima.<\/p>\n\n\n\n<p>La exposici\u00f3n p\u00fablica de este caso, si bien dolorosa para la artista, reactiva el debate sobre la eficacia de los mecanismos de protecci\u00f3n para las v\u00edctimas de violencia de g\u00e9nero, especialmente en escenarios donde existen denuncias previas. La acci\u00f3n coordinada de la Polic\u00eda y la Justicia demostr\u00f3 ser clave en este rescate. El seguimiento de la causa se vuelve crucial, pues la Fiscal\u00eda tendr\u00e1 la responsabilidad de solicitar las medidas preventivas necesarias para garantizar que el agresor no pueda reincidir y que Lourdes Fern\u00e1ndez pueda reconstruir su vida sin la amenaza de un control violento.<\/p>\n","protected":false},"excerpt":{"rendered":"<p>Un allanamiento de urgencia, ejecutado por la Polic\u00eda de la Ciudad, culmin\u00f3 con el rescate de Lourdes Fern\u00e1ndez, conocida por su participaci\u00f3n en el grupo pop Bandana, quien se encontraba en su departamento en una situaci\u00f3n catalogada por allegados como &#8220;secuestro&#8221; y &#8220;violencia psicol\u00f3gica extrema&#8221;. El operativo, que incluy\u00f3 la participaci\u00f3n de la Divisi\u00f3n Cient\u00edfica [&hellip;]<\/p>\n","protected":false},"author":2,"featured_media":13478,"comment_status":"open","ping_status":"open","sticky":false,"template":"","format":"standard","meta":{"footnotes":""},"categories":[26],"tags":[],"class_list":{"0":"post-13487","1":"post","2":"type-post","3":"status-publish","4":"format-standard","5":"has-post-thumbnail","7":"category-nacionales"},"aioseo_notices":[],"_links":{"self":[{"href":"https:\/\/lalupa24.com.ar\/index.php\/wp-json\/wp\/v2\/posts\/13487","targetHints":{"allow":["GET"]}}],"collection":[{"href":"https:\/\/lalupa24.com.ar\/index.php\/wp-json\/wp\/v2\/posts"}],"about":[{"href":"https:\/\/lalupa24.com.ar\/index.php\/wp-json\/wp\/v2\/types\/post"}],"author":[{"embeddable":true,"href":"https:\/\/lalupa24.com.ar\/index.php\/wp-json\/wp\/v2\/users\/2"}],"replies":[{"embeddable":true,"href":"https:\/\/lalupa24.com.ar\/index.php\/wp-json\/wp\/v2\/comments?post=13487"}],"version-history":[{"count":1,"href":"https:\/\/lalupa24.com.ar\/index.php\/wp-json\/wp\/v2\/posts\/13487\/revisions"}],"predecessor-version":[{"id":13488,"href":"https:\/\/lalupa24.com.ar\/index.php\/wp-json\/wp\/v2\/posts\/13487\/revisions\/13488"}],"wp:featuredmedia":[{"embeddable":true,"href":"https:\/\/lalupa24.com.ar\/index.php\/wp-json\/wp\/v2\/media\/13478"}],"wp:attachment":[{"href":"https:\/\/lalupa24.com.ar\/index.php\/wp-json\/wp\/v2\/media?parent=13487"}],"wp:term":[{"taxonomy":"category","embeddable":true,"href":"https:\/\/lalupa24.com.ar\/index.php\/wp-json\/wp\/v2\/categories?post=13487"},{"taxonomy":"post_tag","embeddable":true,"href":"https:\/\/lalupa24.com.ar\/index.php\/wp-json\/wp\/v2\/tags?post=13487"}],"curies":[{"name":"wp","href":"https:\/\/api.w.org\/{rel}","templated":true}]}}