{"id":13489,"date":"2025-10-24T11:14:42","date_gmt":"2025-10-24T14:14:42","guid":{"rendered":"https:\/\/lalupa24.com.ar\/?p=13489"},"modified":"2025-10-24T11:14:43","modified_gmt":"2025-10-24T14:14:43","slug":"crimen-organizado-y-violencia-de-genero-fiscales-piden-prision-preventiva-para-ocho-imputados-en-el-triple-femicidio-narco-de-florencio-varela","status":"publish","type":"post","link":"https:\/\/lalupa24.com.ar\/index.php\/2025\/10\/24\/crimen-organizado-y-violencia-de-genero-fiscales-piden-prision-preventiva-para-ocho-imputados-en-el-triple-femicidio-narco-de-florencio-varela\/","title":{"rendered":"CRIMEN ORGANIZADO Y VIOLENCIA DE G\u00c9NERO: FISCALES PIDEN PRISI\u00d3N PREVENTIVA PARA OCHO IMPUTADOS EN EL TRIPLE FEMICIDIO NARCO DE FLORENCIO VARELA"},"content":{"rendered":"\n<p>La UFI de Homicidios de La Matanza ha solicitado formalmente la <strong>prisi\u00f3n preventiva<\/strong> para ocho imputados en el brutal caso del triple femicidio de Brenda del Castillo, Lara Guti\u00e9rrez y Morena Verdi, ocurrido en septiembre en Florencio Varela. En un movimiento estrat\u00e9gico y esperado, los fiscales tambi\u00e9n pidieron que la compleja causa sea declinada al <strong>fuero federal<\/strong>, argumentando la necesidad de investigar a la estructura narco que habr\u00eda ordenado los cr\u00edmenes. Este requerimiento, plasmado en un extenso documento de 250 p\u00e1ginas, marca el cierre de la etapa de instrucci\u00f3n provincial y el inicio de una persecuci\u00f3n penal de mayor envergadura, ligada al crimen organizado transnacional.<\/p>\n\n\n\n<p>La solicitud de prisi\u00f3n preventiva recae sobre los ocho detenidos, acusados de los delitos de <strong>privaci\u00f3n ilegal de la libertad, tortura y asesinato<\/strong> en un contexto de violencia de g\u00e9nero. El horror de los hechos, que salieron a la luz hace poco m\u00e1s de un mes, incluye la sa\u00f1a con la que fueron atacadas las v\u00edctimas, de 20 y 15 a\u00f1os. Seg\u00fan la investigaci\u00f3n, fueron llevadas bajo enga\u00f1o a una vivienda, donde sufrieron una brutal golpiza y fueron apu\u00f1aladas tanto antes como despu\u00e9s de su muerte, en lo que se perfila como una &#8220;venganza&#8221; ligada a un robo de decenas de kilogramos de coca\u00edna.<\/p>\n\n\n\n<p>El expediente, que ya supera las 1.500 fojas y contiene exhaustivas pericias telef\u00f3nicas y autopsias, describe un nivel de crueldad inusitado. Los fiscales detallan que a Lara se le amputaron las cinco falanges de la mano izquierda <em>antes<\/em> de ser asesinada, mientras que Morena, que muri\u00f3 por estrangulamiento, presentaba lesiones <em>post mortem<\/em> en distintas partes del cuerpo. Estos hallazgos no solo configuran un triple femicidio agravado por la tortura, sino que tambi\u00e9n sugieren un mensaje de terror y un ajuste de cuentas propio de las din\u00e1micas del narcotr\u00e1fico.<\/p>\n\n\n\n<p>El elemento que justifica el pase de la causa a la Justicia Federal es la sospecha de que el triple crimen fue ordenado <strong>desde Per\u00fa<\/strong>, lo que introduce la dimensi\u00f3n de la criminalidad organizada y el narcotr\u00e1fico internacional. Los fiscales Carlos Adri\u00e1n Arribas, Claudio Fornaro, Diego Rulli y Lorena Pecorelli sostienen que, si bien la autor\u00eda material del hecho estar\u00eda esclarecida, es imperativo investigar a la &#8220;estructura narco&#8221; superior que oper\u00f3 detr\u00e1s. Este cambio de fuero apunta a una <strong>&#8220;persecuci\u00f3n penal estrat\u00e9gica&#8221;<\/strong> que permita desmantelar la red de la que los imputados ser\u00edan solo eslabones operativos.<\/p>\n\n\n\n<p>El pedido de declinaci\u00f3n al Juzgado Federal de Mor\u00f3n, planteado por los investigadores, hab\u00eda sido anticipado por los abogados querellantes de las familias, como Diego Storto y Fernando Burlando, quienes desde un inicio se\u00f1alaron la conexi\u00f3n del caso con el narcotr\u00e1fico. La transici\u00f3n al fuero federal implica que la causa ser\u00e1 abordada con herramientas investigativas y recursos espec\u00edficos para delitos complejos y transnacionales, incluyendo lavado de activos y redes de distribuci\u00f3n de estupefacientes, elementos que la justicia provincial no tiene la potestad de perseguir integralmente.<\/p>\n\n\n\n<p>La resoluci\u00f3n del juez de garant\u00edas sobre la prisi\u00f3n preventiva y la competencia federal ser\u00e1 el pr\u00f3ximo hito en este caso de resonancia. La decisi\u00f3n determinar\u00e1 si los ocho imputados, que actuaron como brazo ejecutor de la venganza, permanecer\u00e1n tras las rejas y si se ampl\u00eda el espectro de la investigaci\u00f3n para llegar a los autores intelectuales y la red de tr\u00e1fico. Este triple femicidio narco se convierte en un doloroso paradigma de c\u00f3mo la violencia de g\u00e9nero se entrelaza y se exacerba dentro de las estructuras del crimen organizado, demandando una respuesta judicial especializada y de alcance federal.<\/p>\n","protected":false},"excerpt":{"rendered":"<p>La UFI de Homicidios de La Matanza ha solicitado formalmente la prisi\u00f3n preventiva para ocho imputados en el brutal caso del triple femicidio de Brenda del Castillo, Lara Guti\u00e9rrez y Morena Verdi, ocurrido en septiembre en Florencio Varela. En un movimiento estrat\u00e9gico y esperado, los fiscales tambi\u00e9n pidieron que la compleja causa sea declinada al [&hellip;]<\/p>\n","protected":false},"author":2,"featured_media":13479,"comment_status":"open","ping_status":"open","sticky":false,"template":"","format":"standard","meta":{"footnotes":""},"categories":[26],"tags":[],"class_list":{"0":"post-13489","1":"post","2":"type-post","3":"status-publish","4":"format-standard","5":"has-post-thumbnail","7":"category-nacionales"},"aioseo_notices":[],"_links":{"self":[{"href":"https:\/\/lalupa24.com.ar\/index.php\/wp-json\/wp\/v2\/posts\/13489","targetHints":{"allow":["GET"]}}],"collection":[{"href":"https:\/\/lalupa24.com.ar\/index.php\/wp-json\/wp\/v2\/posts"}],"about":[{"href":"https:\/\/lalupa24.com.ar\/index.php\/wp-json\/wp\/v2\/types\/post"}],"author":[{"embeddable":true,"href":"https:\/\/lalupa24.com.ar\/index.php\/wp-json\/wp\/v2\/users\/2"}],"replies":[{"embeddable":true,"href":"https:\/\/lalupa24.com.ar\/index.php\/wp-json\/wp\/v2\/comments?post=13489"}],"version-history":[{"count":1,"href":"https:\/\/lalupa24.com.ar\/index.php\/wp-json\/wp\/v2\/posts\/13489\/revisions"}],"predecessor-version":[{"id":13490,"href":"https:\/\/lalupa24.com.ar\/index.php\/wp-json\/wp\/v2\/posts\/13489\/revisions\/13490"}],"wp:featuredmedia":[{"embeddable":true,"href":"https:\/\/lalupa24.com.ar\/index.php\/wp-json\/wp\/v2\/media\/13479"}],"wp:attachment":[{"href":"https:\/\/lalupa24.com.ar\/index.php\/wp-json\/wp\/v2\/media?parent=13489"}],"wp:term":[{"taxonomy":"category","embeddable":true,"href":"https:\/\/lalupa24.com.ar\/index.php\/wp-json\/wp\/v2\/categories?post=13489"},{"taxonomy":"post_tag","embeddable":true,"href":"https:\/\/lalupa24.com.ar\/index.php\/wp-json\/wp\/v2\/tags?post=13489"}],"curies":[{"name":"wp","href":"https:\/\/api.w.org\/{rel}","templated":true}]}}