{"id":13504,"date":"2025-10-24T11:21:34","date_gmt":"2025-10-24T14:21:34","guid":{"rendered":"https:\/\/lalupa24.com.ar\/?p=13504"},"modified":"2025-10-24T11:21:36","modified_gmt":"2025-10-24T14:21:36","slug":"educacion-asegura-que-el-servicio-de-emergencias-medicas-en-las-escuelas-esta-garantizado","status":"publish","type":"post","link":"https:\/\/lalupa24.com.ar\/index.php\/2025\/10\/24\/educacion-asegura-que-el-servicio-de-emergencias-medicas-en-las-escuelas-esta-garantizado\/","title":{"rendered":"EDUCACI\u00d3N ASEGURA QUE EL SERVICIO DE EMERGENCIAS M\u00c9DICAS EN LAS ESCUELAS EST\u00c1 GARANTIZADO."},"content":{"rendered":"\n<p>El Ministerio de Educaci\u00f3n de la Provincia asegur\u00f3 que est\u00e1 garantizado el servicio m\u00e9dico asistencial de emergencia destinado a la atenci\u00f3n de las comunidades educativas de las instituciones escolares de zonas urbanas del Gran Resistencia (que comprende Barranqueras, Puerto Vilelas, Fontana y Resistencia).<br>En ese marco, la Subsecretar\u00eda de Coordinaci\u00f3n Presupuestaria y Financiera del Ministerio de Educaci\u00f3n inform\u00f3 que se contrat\u00f3 a la empresa FEME 24 Asistencia SA por medio de la Licitaci\u00f3n Privada N\u00b0 504\/25.<br>En funci\u00f3n de ello, a trav\u00e9s de la Subsecretar\u00eda de Descentralizaci\u00f3n Educativa se arbitran los medios para comunicar por la v\u00eda correspondiente a los equipos directivos de los establecimientos escolares los datos de contacto y procedimientos para la utilizaci\u00f3n del servicio de emergencia para las comunidades educativas del Gran Resistencia.<br>Asimismo, se comunica que los n\u00fameros telef\u00f3nicos dispuestos para requerir los servicios son: 4440000 y 4428175.<\/p>\n","protected":false},"excerpt":{"rendered":"<p>El Ministerio de Educaci\u00f3n de la Provincia asegur\u00f3 que est\u00e1 garantizado el servicio m\u00e9dico asistencial de emergencia destinado a la atenci\u00f3n de las comunidades educativas de las instituciones escolares de zonas urbanas del Gran Resistencia (que comprende Barranqueras, Puerto Vilelas, Fontana y Resistencia).En ese marco, la Subsecretar\u00eda de Coordinaci\u00f3n Presupuestaria y Financiera del Ministerio de [&hellip;]<\/p>\n","protected":false},"author":2,"featured_media":13505,"comment_status":"open","ping_status":"open","sticky":false,"template":"","format":"standard","meta":{"footnotes":""},"categories":[28],"tags":[],"class_list":{"0":"post-13504","1":"post","2":"type-post","3":"status-publish","4":"format-standard","5":"has-post-thumbnail","7":"category-locales"},"aioseo_notices":[],"_links":{"self":[{"href":"https:\/\/lalupa24.com.ar\/index.php\/wp-json\/wp\/v2\/posts\/13504","targetHints":{"allow":["GET"]}}],"collection":[{"href":"https:\/\/lalupa24.com.ar\/index.php\/wp-json\/wp\/v2\/posts"}],"about":[{"href":"https:\/\/lalupa24.com.ar\/index.php\/wp-json\/wp\/v2\/types\/post"}],"author":[{"embeddable":true,"href":"https:\/\/lalupa24.com.ar\/index.php\/wp-json\/wp\/v2\/users\/2"}],"replies":[{"embeddable":true,"href":"https:\/\/lalupa24.com.ar\/index.php\/wp-json\/wp\/v2\/comments?post=13504"}],"version-history":[{"count":1,"href":"https:\/\/lalupa24.com.ar\/index.php\/wp-json\/wp\/v2\/posts\/13504\/revisions"}],"predecessor-version":[{"id":13506,"href":"https:\/\/lalupa24.com.ar\/index.php\/wp-json\/wp\/v2\/posts\/13504\/revisions\/13506"}],"wp:featuredmedia":[{"embeddable":true,"href":"https:\/\/lalupa24.com.ar\/index.php\/wp-json\/wp\/v2\/media\/13505"}],"wp:attachment":[{"href":"https:\/\/lalupa24.com.ar\/index.php\/wp-json\/wp\/v2\/media?parent=13504"}],"wp:term":[{"taxonomy":"category","embeddable":true,"href":"https:\/\/lalupa24.com.ar\/index.php\/wp-json\/wp\/v2\/categories?post=13504"},{"taxonomy":"post_tag","embeddable":true,"href":"https:\/\/lalupa24.com.ar\/index.php\/wp-json\/wp\/v2\/tags?post=13504"}],"curies":[{"name":"wp","href":"https:\/\/api.w.org\/{rel}","templated":true}]}}