{"id":13532,"date":"2025-10-26T20:36:17","date_gmt":"2025-10-26T23:36:17","guid":{"rendered":"https:\/\/lalupa24.com.ar\/?p=13532"},"modified":"2025-10-26T20:36:19","modified_gmt":"2025-10-26T23:36:19","slug":"silvana-schneider-la-forma-de-hablar-en-democracia-es-con-el-voto","status":"publish","type":"post","link":"https:\/\/lalupa24.com.ar\/index.php\/2025\/10\/26\/silvana-schneider-la-forma-de-hablar-en-democracia-es-con-el-voto\/","title":{"rendered":"Silvana Schneider: \u201cLa forma de hablar en democracia es con el voto\u201d"},"content":{"rendered":"\n<p>La vicegobernadora y candidatra a senadora por La Libertad Avanza Chaco emiti\u00f3 su voto desde la localidad de Charata. Pidi\u00f3 a la comunidad que participe en la jornada electoral.<\/p>\n\n\n\n<h3 class=\"wp-block-heading\">Pasadas las 10.30 de este domingo, la vicegobernadora y candidata a senadora por La Libertad Avanza Chaco, Silvana Schneider, vot\u00f3 en Charata.<\/h3>\n\n\n\n<p>All\u00ed, la funcionaria indic\u00f3 que estuvo charlando con el presidente de mesa y los fiscales, quienes les comentaron que\u00a0este sistema \u00abes m\u00e1s pr\u00e1ctico y r\u00e1pido, que la gente se va conforme, ya que hay dos cabinas de votaci\u00f3n\u00bb, expres\u00f3.<\/p>\n\n\n\n<p><strong>\u00abLa gente viene formada y se interioriz\u00f3 sobre el sistema de votaci\u00f3n. Pedimos a aquellos que no lo hicieron, que se acerquen igual.<\/strong>&nbsp;Vienen con recelo, pero es m\u00e1s r\u00e1pido\u00bb, sostuvo.<\/p>\n\n\n\n<p>\u00abInstamos a que la gente venga a votar, que es un derecho. Creemos que la gente va a asistir, tenemos un d\u00eda hermoso, que tomen el tiempo para expresarse.\u00a0La forma de hablar en democracia es con el voto. Su voto tiene el mismo valor que el de todo, vale much\u00edsimo\u00bb, remarc\u00f3.<\/p>\n","protected":false},"excerpt":{"rendered":"<p>La vicegobernadora y candidatra a senadora por La Libertad Avanza Chaco emiti\u00f3 su voto desde la localidad de Charata. Pidi\u00f3 a la comunidad que participe en la jornada electoral. Pasadas las 10.30 de este domingo, la vicegobernadora y candidata a senadora por La Libertad Avanza Chaco, Silvana Schneider, vot\u00f3 en Charata. All\u00ed, la funcionaria indic\u00f3 [&hellip;]<\/p>\n","protected":false},"author":2,"featured_media":13535,"comment_status":"open","ping_status":"open","sticky":false,"template":"","format":"standard","meta":{"footnotes":""},"categories":[27,28],"tags":[],"class_list":{"0":"post-13532","1":"post","2":"type-post","3":"status-publish","4":"format-standard","5":"has-post-thumbnail","7":"category-interior","8":"category-locales"},"aioseo_notices":[],"_links":{"self":[{"href":"https:\/\/lalupa24.com.ar\/index.php\/wp-json\/wp\/v2\/posts\/13532","targetHints":{"allow":["GET"]}}],"collection":[{"href":"https:\/\/lalupa24.com.ar\/index.php\/wp-json\/wp\/v2\/posts"}],"about":[{"href":"https:\/\/lalupa24.com.ar\/index.php\/wp-json\/wp\/v2\/types\/post"}],"author":[{"embeddable":true,"href":"https:\/\/lalupa24.com.ar\/index.php\/wp-json\/wp\/v2\/users\/2"}],"replies":[{"embeddable":true,"href":"https:\/\/lalupa24.com.ar\/index.php\/wp-json\/wp\/v2\/comments?post=13532"}],"version-history":[{"count":1,"href":"https:\/\/lalupa24.com.ar\/index.php\/wp-json\/wp\/v2\/posts\/13532\/revisions"}],"predecessor-version":[{"id":13536,"href":"https:\/\/lalupa24.com.ar\/index.php\/wp-json\/wp\/v2\/posts\/13532\/revisions\/13536"}],"wp:featuredmedia":[{"embeddable":true,"href":"https:\/\/lalupa24.com.ar\/index.php\/wp-json\/wp\/v2\/media\/13535"}],"wp:attachment":[{"href":"https:\/\/lalupa24.com.ar\/index.php\/wp-json\/wp\/v2\/media?parent=13532"}],"wp:term":[{"taxonomy":"category","embeddable":true,"href":"https:\/\/lalupa24.com.ar\/index.php\/wp-json\/wp\/v2\/categories?post=13532"},{"taxonomy":"post_tag","embeddable":true,"href":"https:\/\/lalupa24.com.ar\/index.php\/wp-json\/wp\/v2\/tags?post=13532"}],"curies":[{"name":"wp","href":"https:\/\/api.w.org\/{rel}","templated":true}]}}