{"id":1359,"date":"2024-05-21T19:30:44","date_gmt":"2024-05-21T22:30:44","guid":{"rendered":"https:\/\/lalupa24.com.ar\/?p=1359"},"modified":"2024-05-21T19:30:45","modified_gmt":"2024-05-21T22:30:45","slug":"zdero-aqui-se-respira-una-historia-muy-rica-de-la-educacion","status":"publish","type":"post","link":"https:\/\/lalupa24.com.ar\/index.php\/2024\/05\/21\/zdero-aqui-se-respira-una-historia-muy-rica-de-la-educacion\/","title":{"rendered":"Zdero \u201caqu\u00ed se respira una historia muy rica de la educaci\u00f3n\u201d"},"content":{"rendered":"\n<p>la educaci\u00f3n\u201d<\/p>\n\n\n\n<p>Zdero acompa\u00f1\u00f3 este lunes, el acto por el 145\u00ba aniversario de la Escuela de Educaci\u00f3n Primaria N\u00ba1 \u201cBenjam\u00edn Zorrilla\u201d, que alberga al Primer Museo de la Educaci\u00f3n de la provincia. \u201cEs un gran privilegio acompa\u00f1ar este aniversario, aqu\u00ed se respira una historia muy rica de la educaci\u00f3n del Chaco, estamos en la escuela que es pionera de la educaci\u00f3n chaque\u00f1a\u201d, indic\u00f3.<\/p>\n\n\n\n<p>En la oportunidad, el mandatario entreg\u00f3 una distinci\u00f3n a la instituci\u00f3n educativa en reconocimiento a hombres y mujeres que hicieron de la EEP N\u00ba1 un gran orgullo para la provincia. \u201cEstamos marcando un eje trascendental de este nuevo tiempo que est\u00e1 marcado por la educaci\u00f3n. Estamos convencidos que la \u00fanica posibilidad de cambiar nuestra historia es darle a nuestros j\u00f3venes alas de libertad, fuertes y seguras, que se obtienen de la mano de la educaci\u00f3n\u201d, subray\u00f3.<\/p>\n\n\n\n<p>En este sentido, record\u00f3 que desde el primer d\u00eda de gesti\u00f3n se prioriz\u00f3 al sistema educativo. \u201cUn sistema que no solo tenga que ver con el cumplimiento de las pautas salariales sino que, adem\u00e1s, trabaje en la mejora en la calidad de vida de nuestros j\u00f3venes\u201d, sostuvo.<\/p>\n\n\n\n<p>Adem\u00e1s, se dirigi\u00f3 a las madres y padres presentes a quienes agradeci\u00f3 por acompa\u00f1ar en un momento tan importante de la instituci\u00f3n educativa y los inst\u00f3 a trabajar para garantizar la educaci\u00f3n. \u201cEl mejor regalo que le podemos dar a nuestros ni\u00f1os es que sean ciudadanos comprometidos con su pueblo, con la historia de su Naci\u00f3n y, fundamentalmente, que est\u00e9n preparados para el mundo laboral\u201d, indic\u00f3.<\/p>\n\n\n\n<p>\u201cLa escuela es el segundo hogar de cada ni\u00f1a y ni\u00f1o, que son parte de la historia de la EEP N\u00ba1. Feliz cumplea\u00f1os a todos\u201d, agreg\u00f3.<\/p>\n\n\n\n<p>La directora de la EEP N\u00ba1, Mar\u00eda Yolanda Troche, asegur\u00f3 que, la escuela \u201cfue y es un faro de conocimiento y un s\u00edmbolo de progreso desde sus humildes comienzos en un galp\u00f3n hasta el emblem\u00e1tico edificio que hoy conocemos\u201d.<\/p>\n\n\n\n<p>Hizo hincapi\u00e9 en el compromiso con la inclusi\u00f3n social que predica la escuela y record\u00f3 que fue la que alberg\u00f3 la primera biblioteca popular. \u201cCada rinc\u00f3n del colegio respira historias de superaci\u00f3n y desaf\u00edos\u201d, dijo y felicit\u00f3 al plantel de docentes y a los porteros que son garantes y ense\u00f1antes de forma permanente.<\/p>\n\n\n\n<p>Estuvieron presentes la subsecretaria de Acci\u00f3n Comunitaria, Tamara Silvestri; el presidente y el vocal de Loter\u00eda Chaque\u00f1a, Lucas Apud Masin y Juan Chaussivert; directoras regionales, autoridades de otras escuelas chaque\u00f1as y la comunidad educativa.<\/p>\n","protected":false},"excerpt":{"rendered":"<p>la educaci\u00f3n\u201d Zdero acompa\u00f1\u00f3 este lunes, el acto por el 145\u00ba aniversario de la Escuela de Educaci\u00f3n Primaria N\u00ba1 \u201cBenjam\u00edn Zorrilla\u201d, que alberga al Primer Museo de la Educaci\u00f3n de la provincia. \u201cEs un gran privilegio acompa\u00f1ar este aniversario, aqu\u00ed se respira una historia muy rica de la educaci\u00f3n del Chaco, estamos en la escuela [&hellip;]<\/p>\n","protected":false},"author":2,"featured_media":1360,"comment_status":"open","ping_status":"open","sticky":false,"template":"","format":"standard","meta":{"footnotes":""},"categories":[28],"tags":[],"class_list":{"0":"post-1359","1":"post","2":"type-post","3":"status-publish","4":"format-standard","5":"has-post-thumbnail","7":"category-locales"},"aioseo_notices":[],"_links":{"self":[{"href":"https:\/\/lalupa24.com.ar\/index.php\/wp-json\/wp\/v2\/posts\/1359","targetHints":{"allow":["GET"]}}],"collection":[{"href":"https:\/\/lalupa24.com.ar\/index.php\/wp-json\/wp\/v2\/posts"}],"about":[{"href":"https:\/\/lalupa24.com.ar\/index.php\/wp-json\/wp\/v2\/types\/post"}],"author":[{"embeddable":true,"href":"https:\/\/lalupa24.com.ar\/index.php\/wp-json\/wp\/v2\/users\/2"}],"replies":[{"embeddable":true,"href":"https:\/\/lalupa24.com.ar\/index.php\/wp-json\/wp\/v2\/comments?post=1359"}],"version-history":[{"count":1,"href":"https:\/\/lalupa24.com.ar\/index.php\/wp-json\/wp\/v2\/posts\/1359\/revisions"}],"predecessor-version":[{"id":1361,"href":"https:\/\/lalupa24.com.ar\/index.php\/wp-json\/wp\/v2\/posts\/1359\/revisions\/1361"}],"wp:featuredmedia":[{"embeddable":true,"href":"https:\/\/lalupa24.com.ar\/index.php\/wp-json\/wp\/v2\/media\/1360"}],"wp:attachment":[{"href":"https:\/\/lalupa24.com.ar\/index.php\/wp-json\/wp\/v2\/media?parent=1359"}],"wp:term":[{"taxonomy":"category","embeddable":true,"href":"https:\/\/lalupa24.com.ar\/index.php\/wp-json\/wp\/v2\/categories?post=1359"},{"taxonomy":"post_tag","embeddable":true,"href":"https:\/\/lalupa24.com.ar\/index.php\/wp-json\/wp\/v2\/tags?post=1359"}],"curies":[{"name":"wp","href":"https:\/\/api.w.org\/{rel}","templated":true}]}}