{"id":13607,"date":"2025-10-27T09:17:16","date_gmt":"2025-10-27T12:17:16","guid":{"rendered":"https:\/\/lalupa24.com.ar\/?p=13607"},"modified":"2025-10-27T09:19:01","modified_gmt":"2025-10-27T12:19:01","slug":"claudia-panzardi-afirma-que-vamos-chaco-es-la-tercera-fuerza-politica-de-la-provincia","status":"publish","type":"post","link":"https:\/\/lalupa24.com.ar\/index.php\/2025\/10\/27\/claudia-panzardi-afirma-que-vamos-chaco-es-la-tercera-fuerza-politica-de-la-provincia\/","title":{"rendered":"CLAUDIA PANZARDI AFIRMA QUE VAMOS CHACO ES LA TERCERA FUERZA POL\u00cdTICA DE LA PROVINCIA"},"content":{"rendered":"\n<p>Tras las elecciones legislativas nacionales de 2025, la candidata a diputada nacional <strong>Claudia Panzardi<\/strong>, junto a los candidatos Eduardo Aguilar (senador) y Eduardo Dahlgren (diputado), brind\u00f3 una conferencia de prensa para destacar el desempe\u00f1o de la alianza <strong>Vamos Chaco<\/strong>.<\/p>\n\n\n\n<p><strong>Declaraciones Clave de Claudia Panzardi:<\/strong><\/p>\n\n\n\n<ul class=\"wp-block-list\">\n<li><strong>Tercera Fuerza:<\/strong> Panzardi afirm\u00f3: <strong>&#8220;Hoy Vamos Chaco es la tercera fuerza pol\u00edtica en la provincia&#8221;<\/strong>.<\/li>\n\n\n\n<li><strong>Valoraci\u00f3n de la Alianza:<\/strong> Destac\u00f3 la importancia de la conformaci\u00f3n de este frente, que compiti\u00f3 por primera vez en una contienda electoral, y lo calific\u00f3 como &#8220;uno de los tres frentes de la provincia de Chaco&#8221;.<\/li>\n\n\n\n<li><strong>Aumento de Participaci\u00f3n:<\/strong> Agradeci\u00f3 al electorado chaque\u00f1o por el esfuerzo, ya que &#8220;se ha aumentado la concurrencia a las urnas&#8221;.<\/li>\n\n\n\n<li><strong>Planes a Futuro:<\/strong> Panzardi anticip\u00f3 que el objetivo de la alianza es <strong>&#8220;fortalecer esta alianza, as\u00ed con otros partidos, con otras posibilidades ya de cara al 2027&#8221;<\/strong>.<\/li>\n<\/ul>\n\n\n\n<p>De esta forma, Panzardi posicion\u00f3 a Vamos Chaco como un actor relevante en el panorama pol\u00edtico provincial despu\u00e9s de su primera participaci\u00f3n en las legislativas.<\/p>\n\n\n\n<p><\/p>\n","protected":false},"excerpt":{"rendered":"<p>Tras las elecciones legislativas nacionales de 2025, la candidata a diputada nacional Claudia Panzardi, junto a los candidatos Eduardo Aguilar (senador) y Eduardo Dahlgren (diputado), brind\u00f3 una conferencia de prensa para destacar el desempe\u00f1o de la alianza Vamos Chaco. Declaraciones Clave de Claudia Panzardi: De esta forma, Panzardi posicion\u00f3 a Vamos Chaco como un actor [&hellip;]<\/p>\n","protected":false},"author":2,"featured_media":13605,"comment_status":"open","ping_status":"open","sticky":false,"template":"","format":"standard","meta":{"footnotes":""},"categories":[28],"tags":[],"class_list":{"0":"post-13607","1":"post","2":"type-post","3":"status-publish","4":"format-standard","5":"has-post-thumbnail","7":"category-locales"},"aioseo_notices":[],"_links":{"self":[{"href":"https:\/\/lalupa24.com.ar\/index.php\/wp-json\/wp\/v2\/posts\/13607","targetHints":{"allow":["GET"]}}],"collection":[{"href":"https:\/\/lalupa24.com.ar\/index.php\/wp-json\/wp\/v2\/posts"}],"about":[{"href":"https:\/\/lalupa24.com.ar\/index.php\/wp-json\/wp\/v2\/types\/post"}],"author":[{"embeddable":true,"href":"https:\/\/lalupa24.com.ar\/index.php\/wp-json\/wp\/v2\/users\/2"}],"replies":[{"embeddable":true,"href":"https:\/\/lalupa24.com.ar\/index.php\/wp-json\/wp\/v2\/comments?post=13607"}],"version-history":[{"count":2,"href":"https:\/\/lalupa24.com.ar\/index.php\/wp-json\/wp\/v2\/posts\/13607\/revisions"}],"predecessor-version":[{"id":13609,"href":"https:\/\/lalupa24.com.ar\/index.php\/wp-json\/wp\/v2\/posts\/13607\/revisions\/13609"}],"wp:featuredmedia":[{"embeddable":true,"href":"https:\/\/lalupa24.com.ar\/index.php\/wp-json\/wp\/v2\/media\/13605"}],"wp:attachment":[{"href":"https:\/\/lalupa24.com.ar\/index.php\/wp-json\/wp\/v2\/media?parent=13607"}],"wp:term":[{"taxonomy":"category","embeddable":true,"href":"https:\/\/lalupa24.com.ar\/index.php\/wp-json\/wp\/v2\/categories?post=13607"},{"taxonomy":"post_tag","embeddable":true,"href":"https:\/\/lalupa24.com.ar\/index.php\/wp-json\/wp\/v2\/tags?post=13607"}],"curies":[{"name":"wp","href":"https:\/\/api.w.org\/{rel}","templated":true}]}}