{"id":13619,"date":"2025-10-27T17:54:02","date_gmt":"2025-10-27T20:54:02","guid":{"rendered":"https:\/\/lalupa24.com.ar\/?p=13619"},"modified":"2025-10-27T17:54:10","modified_gmt":"2025-10-27T20:54:10","slug":"el-ejecutivo-elevo-a-la-legislatura-el-proyecto-de-ley-para-la-expropiacion-de-la-chancheria-perteneciente-a-la-familia-sena","status":"publish","type":"post","link":"https:\/\/lalupa24.com.ar\/index.php\/2025\/10\/27\/el-ejecutivo-elevo-a-la-legislatura-el-proyecto-de-ley-para-la-expropiacion-de-la-chancheria-perteneciente-a-la-familia-sena\/","title":{"rendered":"El ejecutivo elev\u00f3 a la legislatura el proyecto de ley para la expropiaci\u00f3n de la chancher\u00eda perteneciente a la familia Sena"},"content":{"rendered":"\n<p>La propuesta es destinar el predio a la edificaci\u00f3n de centros de reinserci\u00f3n social del Programa Provincial Fortaleza (de consumos problem\u00e1ticos de sustancias) y de centros de experiencia y formaci\u00f3n laboral.<\/p>\n\n\n\n<p>Luego de la firma del gobernador Leandro Zdero, este lunes ingres\u00f3 a la Legislatura chaque\u00f1a el proyecto de ley del Ejecutivo provincial para la expropiaci\u00f3n de la chancher\u00eda perteneciente a la familia Sena. La presentaci\u00f3n estuvo a cargo del secretario de Coordinaci\u00f3n de Gabinete Livio Guti\u00e9rrez y del subsecretario de Legal y T\u00e9cnica Julio Ferro.&nbsp;<br>La propuesta es destinar el predio, de m\u00e1s de 27 hect\u00e1reas de extensi\u00f3n, a la edificaci\u00f3n de centros de reinserci\u00f3n social del Programa Provincial Fortaleza (de consumos problem\u00e1ticos de sustancias) y de centros de experiencia y formaci\u00f3n laboral. \u201cDe esta forma se da cumplimiento al anuncio realizado el viernes pasado por el gobernador, se espera que el proyecto tome estado parlamentario lo antes posible y cuente con el acompa\u00f1amiento legislativo\u201d detall\u00f3 Ferro.<br>El inmueble fue adjudicado a Emerenciano Sena en 2015 para que se ejecute un proyecto productivo. La expropiaci\u00f3n implica sacar el t\u00edtulo del predio a su propietario e inscribirlo a nombre de la Provincia. Esto se realiza a trav\u00e9s de un pago que se deposita en una cuenta judicial a efecto de que la justicia determine la titularidad del dinero si hay reclamos posteriores.<br>\u201cPara el proyecto se efectu\u00f3 un estudio de dominio del campo, una vez que el proyecto se convierta en ley, interviene la Fiscal\u00eda de Estado quien informa a la Junta de Evaluaci\u00f3n para que realice la correspondiente valoraci\u00f3n del inmueble\u201d, explic\u00f3 Guti\u00e9rrez<\/p>\n","protected":false},"excerpt":{"rendered":"<p>La propuesta es destinar el predio a la edificaci\u00f3n de centros de reinserci\u00f3n social del Programa Provincial Fortaleza (de consumos problem\u00e1ticos de sustancias) y de centros de experiencia y formaci\u00f3n laboral. Luego de la firma del gobernador Leandro Zdero, este lunes ingres\u00f3 a la Legislatura chaque\u00f1a el proyecto de ley del Ejecutivo provincial para la [&hellip;]<\/p>\n","protected":false},"author":2,"featured_media":13620,"comment_status":"open","ping_status":"open","sticky":false,"template":"","format":"standard","meta":{"footnotes":""},"categories":[28],"tags":[],"class_list":{"0":"post-13619","1":"post","2":"type-post","3":"status-publish","4":"format-standard","5":"has-post-thumbnail","7":"category-locales"},"aioseo_notices":[],"_links":{"self":[{"href":"https:\/\/lalupa24.com.ar\/index.php\/wp-json\/wp\/v2\/posts\/13619","targetHints":{"allow":["GET"]}}],"collection":[{"href":"https:\/\/lalupa24.com.ar\/index.php\/wp-json\/wp\/v2\/posts"}],"about":[{"href":"https:\/\/lalupa24.com.ar\/index.php\/wp-json\/wp\/v2\/types\/post"}],"author":[{"embeddable":true,"href":"https:\/\/lalupa24.com.ar\/index.php\/wp-json\/wp\/v2\/users\/2"}],"replies":[{"embeddable":true,"href":"https:\/\/lalupa24.com.ar\/index.php\/wp-json\/wp\/v2\/comments?post=13619"}],"version-history":[{"count":1,"href":"https:\/\/lalupa24.com.ar\/index.php\/wp-json\/wp\/v2\/posts\/13619\/revisions"}],"predecessor-version":[{"id":13621,"href":"https:\/\/lalupa24.com.ar\/index.php\/wp-json\/wp\/v2\/posts\/13619\/revisions\/13621"}],"wp:featuredmedia":[{"embeddable":true,"href":"https:\/\/lalupa24.com.ar\/index.php\/wp-json\/wp\/v2\/media\/13620"}],"wp:attachment":[{"href":"https:\/\/lalupa24.com.ar\/index.php\/wp-json\/wp\/v2\/media?parent=13619"}],"wp:term":[{"taxonomy":"category","embeddable":true,"href":"https:\/\/lalupa24.com.ar\/index.php\/wp-json\/wp\/v2\/categories?post=13619"},{"taxonomy":"post_tag","embeddable":true,"href":"https:\/\/lalupa24.com.ar\/index.php\/wp-json\/wp\/v2\/tags?post=13619"}],"curies":[{"name":"wp","href":"https:\/\/api.w.org\/{rel}","templated":true}]}}