{"id":13622,"date":"2025-10-27T17:57:22","date_gmt":"2025-10-27T20:57:22","guid":{"rendered":"https:\/\/lalupa24.com.ar\/?p=13622"},"modified":"2025-10-27T17:57:25","modified_gmt":"2025-10-27T20:57:25","slug":"mes-de-la-educacion-especial-trabajo-articulado-con-los-equipos-de-las-instituciones-y-la-importancia-de-la-inclusion","status":"publish","type":"post","link":"https:\/\/lalupa24.com.ar\/index.php\/2025\/10\/27\/mes-de-la-educacion-especial-trabajo-articulado-con-los-equipos-de-las-instituciones-y-la-importancia-de-la-inclusion\/","title":{"rendered":"Mes de la educaci\u00f3n especial, trabajo articulado con los equipos de las instituciones y la importancia de la inclusi\u00f3n"},"content":{"rendered":"\n<h4 class=\"wp-block-heading\"><\/h4>\n\n\n\n<p>El Ministerio de Educaci\u00f3n del Chaco, a trav\u00e9s de la Direcci\u00f3n de Educaci\u00f3n Especial, lleva adelante mesas de trabajo regionales y lanz\u00f3 la campa\u00f1a \u201cSomos Chaco, Somos Inclusi\u00f3n\u201d, con el prop\u00f3sito de fortalecer las pr\u00e1cticas inclusivas y visibilizar experiencias que promuevan la igualdad de oportunidades.<br>En el marco del Mes de la Educaci\u00f3n Especial, el equipo encabezado por Ana Mar\u00eda Candia intensific\u00f3 las acciones para consolidar la modalidad y garantizar trayectorias educativas inclusivas. Una de las principales iniciativas es el recorrido por distintas localidades para desarrollar las mesas de trabajo \u201cConectando Equipos \u2013 Fortaleciendo Trayectorias\u201d, que re\u00fanen a directivos, docentes, supervisores y equipos de Apoyo a la Inclusi\u00f3n de toda la provincia.<br>Las jornadas se realizaron y contin\u00faan desarroll\u00e1ndose en las Regionales Educativas 1 (Misi\u00f3n Nueva Pompeya), 2 (Castelli), 3 (Concepci\u00f3n del Bermejo), 4B (Quitilipi), 7 (Colonia Elisa), 8B (General Pinedo), 10A-B (Resistencia) y 10C (Fontana), y seguir\u00e1n extendi\u00e9ndose a todo el territorio chaque\u00f1o.<\/p>\n\n\n\n<p><strong>Fortalecer desde el trabajo conjunto<br><\/strong>Candia explic\u00f3 que el prop\u00f3sito de estas mesas es fortalecer los aspectos pedag\u00f3gicos, revisar las normativas vigentes y consolidar las intervenciones de los equipos de inclusi\u00f3n.<br>\u201cNuestra modalidad es transversal a todo el sistema educativo. Por eso, la inclusi\u00f3n se construye entre todos, con trabajo articulado y corresponsable\u201d, sostuvo.<br>La funcionaria resalt\u00f3 que cada encuentro permite pasar del diagn\u00f3stico a la acci\u00f3n, generando una hoja de ruta concreta para la Educaci\u00f3n Especial. \u201cEl cierre de cada mesa marca el inicio de nuevas acciones en territorio\u201d, afirm\u00f3.<\/p>\n\n\n\n<p><strong>Una campa\u00f1a para visibilizar la inclusi\u00f3n<br><\/strong>Como parte de estas acciones, el Ministerio lanz\u00f3 la campa\u00f1a \u201cSomos Chaco, Somos Inclusi\u00f3n\u201d, una propuesta que invita a las instituciones educativas de todos los niveles a compartir en redes sociales sus experiencias inclusivas, mostrando c\u00f3mo se vive la inclusi\u00f3n en la pr\u00e1ctica cotidiana.<br>Bajo la consigna \u201cLa inclusi\u00f3n se vive, se comparte y se celebra\u201d, la iniciativa busca reconocer y difundir las buenas pr\u00e1cticas que fortalecen una educaci\u00f3n m\u00e1s equitativa y accesible para todos<\/p>\n","protected":false},"excerpt":{"rendered":"<p>El Ministerio de Educaci\u00f3n del Chaco, a trav\u00e9s de la Direcci\u00f3n de Educaci\u00f3n Especial, lleva adelante mesas de trabajo regionales y lanz\u00f3 la campa\u00f1a \u201cSomos Chaco, Somos Inclusi\u00f3n\u201d, con el prop\u00f3sito de fortalecer las pr\u00e1cticas inclusivas y visibilizar experiencias que promuevan la igualdad de oportunidades.En el marco del Mes de la Educaci\u00f3n Especial, el equipo [&hellip;]<\/p>\n","protected":false},"author":2,"featured_media":13623,"comment_status":"open","ping_status":"open","sticky":false,"template":"","format":"standard","meta":{"footnotes":""},"categories":[28],"tags":[],"class_list":{"0":"post-13622","1":"post","2":"type-post","3":"status-publish","4":"format-standard","5":"has-post-thumbnail","7":"category-locales"},"aioseo_notices":[],"_links":{"self":[{"href":"https:\/\/lalupa24.com.ar\/index.php\/wp-json\/wp\/v2\/posts\/13622","targetHints":{"allow":["GET"]}}],"collection":[{"href":"https:\/\/lalupa24.com.ar\/index.php\/wp-json\/wp\/v2\/posts"}],"about":[{"href":"https:\/\/lalupa24.com.ar\/index.php\/wp-json\/wp\/v2\/types\/post"}],"author":[{"embeddable":true,"href":"https:\/\/lalupa24.com.ar\/index.php\/wp-json\/wp\/v2\/users\/2"}],"replies":[{"embeddable":true,"href":"https:\/\/lalupa24.com.ar\/index.php\/wp-json\/wp\/v2\/comments?post=13622"}],"version-history":[{"count":1,"href":"https:\/\/lalupa24.com.ar\/index.php\/wp-json\/wp\/v2\/posts\/13622\/revisions"}],"predecessor-version":[{"id":13624,"href":"https:\/\/lalupa24.com.ar\/index.php\/wp-json\/wp\/v2\/posts\/13622\/revisions\/13624"}],"wp:featuredmedia":[{"embeddable":true,"href":"https:\/\/lalupa24.com.ar\/index.php\/wp-json\/wp\/v2\/media\/13623"}],"wp:attachment":[{"href":"https:\/\/lalupa24.com.ar\/index.php\/wp-json\/wp\/v2\/media?parent=13622"}],"wp:term":[{"taxonomy":"category","embeddable":true,"href":"https:\/\/lalupa24.com.ar\/index.php\/wp-json\/wp\/v2\/categories?post=13622"},{"taxonomy":"post_tag","embeddable":true,"href":"https:\/\/lalupa24.com.ar\/index.php\/wp-json\/wp\/v2\/tags?post=13622"}],"curies":[{"name":"wp","href":"https:\/\/api.w.org\/{rel}","templated":true}]}}