{"id":13628,"date":"2025-10-28T11:06:39","date_gmt":"2025-10-28T14:06:39","guid":{"rendered":"https:\/\/lalupa24.com.ar\/?p=13628"},"modified":"2025-10-28T11:06:40","modified_gmt":"2025-10-28T14:06:40","slug":"maduro-insto-al-presidente-electo-de-bolivia-a-que-revise-sus-posiciones-contra-venezuela","status":"publish","type":"post","link":"https:\/\/lalupa24.com.ar\/index.php\/2025\/10\/28\/maduro-insto-al-presidente-electo-de-bolivia-a-que-revise-sus-posiciones-contra-venezuela\/","title":{"rendered":"Maduro inst\u00f3 al presidente electo de Bolivia a que revise sus posiciones contra Venezuela"},"content":{"rendered":"\n<p>El presidente electo de Bolivia no invit\u00f3 a la ceremonia de asunci\u00f3n a los presidentes del ALBA, que lo consideraron \u201cun dirigente af\u00edn al imperialismo\u201d.<\/p>\n\n\n\n<p>El presidente de Venezuela, Nicol\u00e1s Maduro, exhort\u00f3 al presidente electo de Bolivia, Rodrigo Paz, a revisar sus posiciones pol\u00edticas contrarias a Caracas en el contexto de tensiones bilaterales previas a su investidura, prevista para el pr\u00f3ximo 8 de noviembre.<\/p>\n\n\n\n<p>El pasado 22 de octubre, Paz declar\u00f3 ante la prensa que a su toma de posesi\u00f3n del cargo de presidente no ser\u00edan invitadas autoridades de Venezuela, Cuba y Nicaragua, bajo la excusa de diferencias en la concepci\u00f3n de la democracia.<\/p>\n\n\n\n<p>Recientemente, la Alianza Bolivariana para los Pueblos de Am\u00e9rica \u2013 Tratado de Comercio de los Pueblos (ALBA-TCP), decidi\u00f3 eliminar a Bolivia del bloque por considerar que Rodrigo Paz es un dirigente af\u00edn al imperialismo.<\/p>\n\n\n\n<p>Al respecto, Maduro coment\u00f3 ante la televisi\u00f3n estatal que \u201cel ALBA-TCP tom\u00f3 una medida preventiva de salud pol\u00edtica y diplom\u00e1tica ante la agresi\u00f3n descarada e injustificada de este se\u00f1or (Paz) contra tres pa\u00edses dignos: Cuba, Nicaragua y Venezuela\u201d.<\/p>\n\n\n\n<p>\u201cRev\u00edsese se\u00f1or Paz, porque el que se mete con Venezuela, se seca\u201d, advirti\u00f3.<\/p>\n\n\n\n<p>Adem\u00e1s, el jefe de Estado asever\u00f3 que, pese a las diferencias entre Gobiernos, \u201clos lazos entre Bolivia y Venezuela son indisolubles\u201d.<\/p>\n\n\n\n<p>\u201cEl pueblo boliviano es un pueblo brav\u00edo, hist\u00f3rico, que ha conocido la luz, la libertad y el poder; y se va a elevar ante cualquier circunstancia que pueda venir\u201d, precis\u00f3 Maduro.<\/p>\n","protected":false},"excerpt":{"rendered":"<p>El presidente electo de Bolivia no invit\u00f3 a la ceremonia de asunci\u00f3n a los presidentes del ALBA, que lo consideraron \u201cun dirigente af\u00edn al imperialismo\u201d. El presidente de Venezuela, Nicol\u00e1s Maduro, exhort\u00f3 al presidente electo de Bolivia, Rodrigo Paz, a revisar sus posiciones pol\u00edticas contrarias a Caracas en el contexto de tensiones bilaterales previas a [&hellip;]<\/p>\n","protected":false},"author":11,"featured_media":13629,"comment_status":"open","ping_status":"open","sticky":false,"template":"","format":"standard","meta":{"footnotes":""},"categories":[25],"tags":[],"class_list":{"0":"post-13628","1":"post","2":"type-post","3":"status-publish","4":"format-standard","5":"has-post-thumbnail","7":"category-internacionales"},"aioseo_notices":[],"_links":{"self":[{"href":"https:\/\/lalupa24.com.ar\/index.php\/wp-json\/wp\/v2\/posts\/13628","targetHints":{"allow":["GET"]}}],"collection":[{"href":"https:\/\/lalupa24.com.ar\/index.php\/wp-json\/wp\/v2\/posts"}],"about":[{"href":"https:\/\/lalupa24.com.ar\/index.php\/wp-json\/wp\/v2\/types\/post"}],"author":[{"embeddable":true,"href":"https:\/\/lalupa24.com.ar\/index.php\/wp-json\/wp\/v2\/users\/11"}],"replies":[{"embeddable":true,"href":"https:\/\/lalupa24.com.ar\/index.php\/wp-json\/wp\/v2\/comments?post=13628"}],"version-history":[{"count":1,"href":"https:\/\/lalupa24.com.ar\/index.php\/wp-json\/wp\/v2\/posts\/13628\/revisions"}],"predecessor-version":[{"id":13630,"href":"https:\/\/lalupa24.com.ar\/index.php\/wp-json\/wp\/v2\/posts\/13628\/revisions\/13630"}],"wp:featuredmedia":[{"embeddable":true,"href":"https:\/\/lalupa24.com.ar\/index.php\/wp-json\/wp\/v2\/media\/13629"}],"wp:attachment":[{"href":"https:\/\/lalupa24.com.ar\/index.php\/wp-json\/wp\/v2\/media?parent=13628"}],"wp:term":[{"taxonomy":"category","embeddable":true,"href":"https:\/\/lalupa24.com.ar\/index.php\/wp-json\/wp\/v2\/categories?post=13628"},{"taxonomy":"post_tag","embeddable":true,"href":"https:\/\/lalupa24.com.ar\/index.php\/wp-json\/wp\/v2\/tags?post=13628"}],"curies":[{"name":"wp","href":"https:\/\/api.w.org\/{rel}","templated":true}]}}