{"id":13631,"date":"2025-10-28T11:12:19","date_gmt":"2025-10-28T14:12:19","guid":{"rendered":"https:\/\/lalupa24.com.ar\/?p=13631"},"modified":"2025-10-28T11:12:20","modified_gmt":"2025-10-28T14:12:20","slug":"pablo-quirno-jura-como-nuevo-canciller-en-una-ceremonia-en-casa-rosada","status":"publish","type":"post","link":"https:\/\/lalupa24.com.ar\/index.php\/2025\/10\/28\/pablo-quirno-jura-como-nuevo-canciller-en-una-ceremonia-en-casa-rosada\/","title":{"rendered":"Pablo Quirno jura como nuevo canciller en una ceremonia en Casa Rosada"},"content":{"rendered":"\n<p>El presidente Javier Milei le tomar\u00e1 juramento para reemplazar a Gerardo Werthein.<\/p>\n\n\n\n<p>El designado canciller Pablo Quirno ser\u00e1 puesto en funciones formalmente este martes por el presidente Javier Milei en un acto Casa Rosada.<\/p>\n\n\n\n<p>Quirno suceder\u00e1 a Gerardo Werthein, quien hab\u00eda presentado su renuncia la semana \u00faltima, pocos d\u00edas antes de las elecciones legislativas.<\/p>\n\n\n\n<p>El presidente Milei le tomar\u00e1 jura en una breve ceremonia a las 17 en el Sal\u00f3n Blanco de la Casa Rosada, donde se prev\u00e9 la presencia de familiares del funcionario y del resto de los ministros del Gabinete.<\/p>\n\n\n\n<p>\u201cNunca Estados Unidos brind\u00f3 un apoyo de semejante calibre. Y hoy (el sector diplom\u00e1tico) va a seguir siendo representado por un coloso que viene del Ministerio de Econom\u00eda, que es Pablo Quirno\u201d, sostuvo Milei en su discurso del domingo a la noche tras conocerse el triunfo electoral.<\/p>\n\n\n\n<p>Adem\u00e1s del apoyo del Presidente, Quirno est\u00e1 bien considerado por la secretaria general de la Presidencia, Karina Milei, con quien trab\u00f3 buena relaci\u00f3n luego de haberla acompa\u00f1ado en marzo pasado en un viaje por Canad\u00e1, donde la hermana del mandatario particip\u00f3 de una cumbre con m\u00e1s de cien CEO\u00b4s de empresas mineras que buscan invertir.<\/p>\n\n\n\n<p>La continuidad de Werthein hab\u00eda sido puesta en duda durante las \u00faltimas semanas en medio de la interna libertaria, ya que exist\u00eda malestar e incomodidad del canciller tras el rumor del desembarco del asesor Santiago Caputo en el gabinete.<\/p>\n\n\n\n<p>El desgaste se aceler\u00f3 tambi\u00e9n luego de las desprolijidades de la reuni\u00f3n entre Milei y su par estadounidense, Donald Trump, en la Casa Blanca.<\/p>\n\n\n\n<p>Desde Las Fuerzas del Cielo, espacio que se encolumna detr\u00e1s de Santiago Caputo, criticaron en duros t\u00e9rminos al diplom\u00e1tico argentino tras el encuentro de ambos mandatarios, y a eso se sumaba que se lo responsabilizada de haber protagonizado filtraciones a la prensa de temas sensibles para el Gobierno. En la previa a su dimisi\u00f3n, Werthein hab\u00eda firmado 83 traslados de diplom\u00e1ticos a embajadas y consulados que se instrumentar\u00e1n entre enero y abril del a\u00f1o pr\u00f3ximo, por lo que el Gobierno de Milei ya dej\u00f3 trascender que las designaciones ser\u00e1n revisadas de forma<\/p>\n","protected":false},"excerpt":{"rendered":"<p>El presidente Javier Milei le tomar\u00e1 juramento para reemplazar a Gerardo Werthein. El designado canciller Pablo Quirno ser\u00e1 puesto en funciones formalmente este martes por el presidente Javier Milei en un acto Casa Rosada. Quirno suceder\u00e1 a Gerardo Werthein, quien hab\u00eda presentado su renuncia la semana \u00faltima, pocos d\u00edas antes de las elecciones legislativas. El [&hellip;]<\/p>\n","protected":false},"author":11,"featured_media":13632,"comment_status":"open","ping_status":"open","sticky":false,"template":"","format":"standard","meta":{"footnotes":""},"categories":[26],"tags":[],"class_list":{"0":"post-13631","1":"post","2":"type-post","3":"status-publish","4":"format-standard","5":"has-post-thumbnail","7":"category-nacionales"},"aioseo_notices":[],"_links":{"self":[{"href":"https:\/\/lalupa24.com.ar\/index.php\/wp-json\/wp\/v2\/posts\/13631","targetHints":{"allow":["GET"]}}],"collection":[{"href":"https:\/\/lalupa24.com.ar\/index.php\/wp-json\/wp\/v2\/posts"}],"about":[{"href":"https:\/\/lalupa24.com.ar\/index.php\/wp-json\/wp\/v2\/types\/post"}],"author":[{"embeddable":true,"href":"https:\/\/lalupa24.com.ar\/index.php\/wp-json\/wp\/v2\/users\/11"}],"replies":[{"embeddable":true,"href":"https:\/\/lalupa24.com.ar\/index.php\/wp-json\/wp\/v2\/comments?post=13631"}],"version-history":[{"count":1,"href":"https:\/\/lalupa24.com.ar\/index.php\/wp-json\/wp\/v2\/posts\/13631\/revisions"}],"predecessor-version":[{"id":13633,"href":"https:\/\/lalupa24.com.ar\/index.php\/wp-json\/wp\/v2\/posts\/13631\/revisions\/13633"}],"wp:featuredmedia":[{"embeddable":true,"href":"https:\/\/lalupa24.com.ar\/index.php\/wp-json\/wp\/v2\/media\/13632"}],"wp:attachment":[{"href":"https:\/\/lalupa24.com.ar\/index.php\/wp-json\/wp\/v2\/media?parent=13631"}],"wp:term":[{"taxonomy":"category","embeddable":true,"href":"https:\/\/lalupa24.com.ar\/index.php\/wp-json\/wp\/v2\/categories?post=13631"},{"taxonomy":"post_tag","embeddable":true,"href":"https:\/\/lalupa24.com.ar\/index.php\/wp-json\/wp\/v2\/tags?post=13631"}],"curies":[{"name":"wp","href":"https:\/\/api.w.org\/{rel}","templated":true}]}}