{"id":13637,"date":"2025-10-28T11:37:55","date_gmt":"2025-10-28T14:37:55","guid":{"rendered":"https:\/\/lalupa24.com.ar\/?p=13637"},"modified":"2025-10-28T11:37:56","modified_gmt":"2025-10-28T14:37:56","slug":"javier-milei-y-mauricio-macri-mantuvieron-una-conversacion-telefonica-tras-el-triunfo-de-la-libertad-avanza","status":"publish","type":"post","link":"https:\/\/lalupa24.com.ar\/index.php\/2025\/10\/28\/javier-milei-y-mauricio-macri-mantuvieron-una-conversacion-telefonica-tras-el-triunfo-de-la-libertad-avanza\/","title":{"rendered":"Javier Milei y Mauricio Macri mantuvieron una conversaci\u00f3n telef\u00f3nica tras el triunfo de La Libertad Avanza"},"content":{"rendered":"\n<p>El contacto se reestableci\u00f3 durante el mediod\u00eda del lunes y dur\u00f3 10 minutos. En la previa, hab\u00edan intercambiado mensajes en redes.<\/p>\n\n\n\n<p>El presidente Javier Milei retom\u00f3 el contacto con el exmandatario Mauricio Macri, quien se comunic\u00f3 telef\u00f3nicamente luego del triunfo de La Libertad Avanza (LLA) en las elecciones legislativas nacionales.<\/p>\n\n\n\n<p>Seg\u00fan supo la agencia Noticias Argentinas de una fuente oficial, la charla fue telef\u00f3nica y se extendi\u00f3 durante 10 minutos el mediod\u00eda del pasado lunes. El intercambio telef\u00f3nico se dio luego de los mensajes cruzados en redes sociales que ambos referentes compartieron.<\/p>\n\n\n\n<p>\u201cMis felicitaciones a LLA, al Presidente Milei y, especialmente, a todos los argentinos que hoy apoyaron el cambio\u201d, inici\u00f3 el posteo que public\u00f3 Mauricio Macri en X el pasado domingo, y continu\u00f3: \u201cEste resultado electoral sobresaliente renueva las esperanzas en nuestro pa\u00eds. No perdamos esta oportunidad \u00fanica para producir las transformaciones pendientes y dejar atr\u00e1s el pasado para siempre\u201d.<\/p>\n\n\n\n<p>Por su parte, el libertario aprovech\u00f3 para responder r\u00e1pidamente el gui\u00f1o: &#8220;Muchas gracias, presi\u201d, replic\u00f3.<\/p>\n\n\n\n<p>Durante el discurso que pronunci\u00f3 en el bunker libertario, ubicado en el Hotel Libertador, Milei dedic\u00f3 algunos minutos para destacar el rol de Mauricio Macri en el balotaje del 19 de noviembre de 2023. &#8220;Estamos a poquito m\u00e1s de dos a\u00f1os de aquella reuni\u00f3n en Acassuso, convocada por el presidente Macri, donde decidimos aunar fuerzas para derrotar al populismo\u201d, record\u00f3 el jefe de Estado.<\/p>\n\n\n\n<p>Despu\u00e9s de un a\u00f1o de distanciamiento, el v\u00ednculo entre Macri y Milei reflot\u00f3 producto de la intervenci\u00f3n del jefe de Gabinete, Guillermo Francos, uno de los funcionarios que ve con buenos ojos el desembarco de dirigentes macristas en el equipo de Gobierno.<\/p>\n\n\n\n<p>A\u00fan sin definici\u00f3n, el mandatario evita hablar del tema, aunque se muestra abierto a incorporar \u201ca los mejores\u201d. Sin embargo, desde el PRO se muestran cautos. \u201cVeremos. Ya lo dijo Macri: Milei tiene mi tel\u00e9fono si me necesita me va a llamar\u201d, sintetizaron.<\/p>\n","protected":false},"excerpt":{"rendered":"<p>El contacto se reestableci\u00f3 durante el mediod\u00eda del lunes y dur\u00f3 10 minutos. En la previa, hab\u00edan intercambiado mensajes en redes. El presidente Javier Milei retom\u00f3 el contacto con el exmandatario Mauricio Macri, quien se comunic\u00f3 telef\u00f3nicamente luego del triunfo de La Libertad Avanza (LLA) en las elecciones legislativas nacionales. Seg\u00fan supo la agencia Noticias [&hellip;]<\/p>\n","protected":false},"author":11,"featured_media":13638,"comment_status":"open","ping_status":"open","sticky":false,"template":"","format":"standard","meta":{"footnotes":""},"categories":[26],"tags":[],"class_list":{"0":"post-13637","1":"post","2":"type-post","3":"status-publish","4":"format-standard","5":"has-post-thumbnail","7":"category-nacionales"},"aioseo_notices":[],"_links":{"self":[{"href":"https:\/\/lalupa24.com.ar\/index.php\/wp-json\/wp\/v2\/posts\/13637","targetHints":{"allow":["GET"]}}],"collection":[{"href":"https:\/\/lalupa24.com.ar\/index.php\/wp-json\/wp\/v2\/posts"}],"about":[{"href":"https:\/\/lalupa24.com.ar\/index.php\/wp-json\/wp\/v2\/types\/post"}],"author":[{"embeddable":true,"href":"https:\/\/lalupa24.com.ar\/index.php\/wp-json\/wp\/v2\/users\/11"}],"replies":[{"embeddable":true,"href":"https:\/\/lalupa24.com.ar\/index.php\/wp-json\/wp\/v2\/comments?post=13637"}],"version-history":[{"count":1,"href":"https:\/\/lalupa24.com.ar\/index.php\/wp-json\/wp\/v2\/posts\/13637\/revisions"}],"predecessor-version":[{"id":13639,"href":"https:\/\/lalupa24.com.ar\/index.php\/wp-json\/wp\/v2\/posts\/13637\/revisions\/13639"}],"wp:featuredmedia":[{"embeddable":true,"href":"https:\/\/lalupa24.com.ar\/index.php\/wp-json\/wp\/v2\/media\/13638"}],"wp:attachment":[{"href":"https:\/\/lalupa24.com.ar\/index.php\/wp-json\/wp\/v2\/media?parent=13637"}],"wp:term":[{"taxonomy":"category","embeddable":true,"href":"https:\/\/lalupa24.com.ar\/index.php\/wp-json\/wp\/v2\/categories?post=13637"},{"taxonomy":"post_tag","embeddable":true,"href":"https:\/\/lalupa24.com.ar\/index.php\/wp-json\/wp\/v2\/tags?post=13637"}],"curies":[{"name":"wp","href":"https:\/\/api.w.org\/{rel}","templated":true}]}}