{"id":13643,"date":"2025-10-28T11:50:50","date_gmt":"2025-10-28T14:50:50","guid":{"rendered":"https:\/\/lalupa24.com.ar\/?p=13643"},"modified":"2025-10-28T11:50:51","modified_gmt":"2025-10-28T14:50:51","slug":"el-plan-de-shock-milei-confirma-ofensiva-de-reformas-estructurales","status":"publish","type":"post","link":"https:\/\/lalupa24.com.ar\/index.php\/2025\/10\/28\/el-plan-de-shock-milei-confirma-ofensiva-de-reformas-estructurales\/","title":{"rendered":"El Plan de \u201cshock\u201d: Milei confirma ofensiva de reformas estructurales"},"content":{"rendered":"\n<p>Las promesas del Presidente que llevar\u00e1 adelante a partir del 10 de Diciembre<\/p>\n\n\n\n<p>Con un Congreso reconfigurado a su favor tras el triunfo legislativo, el Presidente Javier Milei ratific\u00f3 que el Gobierno impulsar\u00e1 la &#8220;nueva hoja de ruta econ\u00f3mica&#8221;, centrada en las reformas laboral, tributaria y previsional, pilares del &#8220;Pacto de Mayo&#8221;.<\/p>\n\n\n\n<p>El contundente resultado que obtuvo La Libertad Avanza (LLA) en las elecciones legislativas del domingo no solo consolid\u00f3 la base de apoyo del oficialismo, sino que, seg\u00fan las palabras del propio Javier Milei, abre una &#8220;nueva etapa pol\u00edtica&#8221; para llevar adelante el ambicioso plan de reformas estructurales.<\/p>\n\n\n\n<p>El Presidente anticip\u00f3 que, a partir del 10 de diciembre, fecha en la que asume el nuevo Congreso, se iniciar\u00e1 la ofensiva legislativa para concretar las transformaciones que prometi\u00f3 y que estaban enmarcadas en el denominado &#8220;Pacto de Mayo&#8221;.<\/p>\n\n\n\n<p>Los Pilares de la &#8220;Argentina M\u00e1s Libre&#8221;<\/p>\n\n\n\n<p>El objetivo central, seg\u00fan el mandatario, es hacer que &#8220;Argentina sea el m\u00e1s libre del mundo&#8221;, lo cual estar\u00e1 apuntalado por la aprobaci\u00f3n de los cambios que el Gobierno ya tiene bosquejados. El foco se pone en tres \u00e1reas clave que buscan maximizar la libertad econ\u00f3mica y la sostenibilidad del sistema:<\/p>\n\n\n\n<p>Reforma Laboral: El Gobierno ya tiene un texto preliminar listo y buscar\u00e1 una modernizaci\u00f3n de las normas que, argumentan, promover\u00e1 el trabajo formal y permitir\u00e1 que muchos informales pasen a la formalidad.<\/p>\n\n\n\n<p>Reforma Tributaria: El compromiso es avanzar hacia una reducci\u00f3n de la presi\u00f3n impositiva, simplificando el esquema de impuestos para fomentar el comercio y la inversi\u00f3n. Se habla de un plan para reducir hasta 20 impuestos.<\/p>\n\n\n\n<p>Reforma Previsional: Con el fin de dar sostenibilidad al sistema y respetar los aportes realizados, esta reforma buscar\u00e1 un nuevo esquema para las jubilaciones y pensiones.<\/p>\n\n\n\n<p>Estas reformas se suman a otros puntos clave del Pacto de Mayo, como la inviolabilidad de la propiedad privada, el equilibrio fiscal innegociable y la apertura al comercio internacional.<\/p>\n\n\n\n<p>Un Congreso m\u00e1s favorable El avance de LLA en el Congreso, que le otorgar\u00e1 el tercio de los votos necesarios para blindar vetos presidenciales en la C\u00e1mara Baja y le quit\u00f3 al peronismo la mayor\u00eda en el Senado, es visto por el Ejecutivo como el factor que destraba el camino.<\/p>\n\n\n\n<p>El Presidente fue enf\u00e1tico: &#8220;Vamos a avanzar en las reformas estructurales que nos comprometimos con los argentinos&#8221;.<\/p>\n\n\n\n<p>Este nuevo escenario legislativo ser\u00e1 el que defina, incluso, la reconfiguraci\u00f3n del Gabinete, que &#8220;se dise\u00f1a de acuerdo a los acuerdos que tenga que ir a buscar&#8221;, seg\u00fan Milei. El mandatario tambi\u00e9n mostr\u00f3 disposici\u00f3n a negociar con los gobernadores para alcanzar el consenso necesario para que las leyes avancen.<\/p>\n\n\n\n<p>La promesa econ\u00f3mica<\/p>\n\n\n\n<p>Javier Milei asegur\u00f3 que la implementaci\u00f3n de estas reformas generar\u00e1 un fuerte crecimiento econ\u00f3mico. Esto, a su vez, estar\u00eda acompa\u00f1ado de:<\/p>\n\n\n\n<p>Una profunda baja de la inflaci\u00f3n.<\/p>\n\n\n\n<p>Dr\u00e1sticas ca\u00eddas de la pobreza y la indigencia.<\/p>\n\n\n\n<p>Con un renovado aval popular, el Gobierno buscar\u00e1 que esta ofensiva legislativa de fin de a\u00f1o y el verano consolide su programa econ\u00f3mico.<\/p>\n","protected":false},"excerpt":{"rendered":"<p>Las promesas del Presidente que llevar\u00e1 adelante a partir del 10 de Diciembre Con un Congreso reconfigurado a su favor tras el triunfo legislativo, el Presidente Javier Milei ratific\u00f3 que el Gobierno impulsar\u00e1 la &#8220;nueva hoja de ruta econ\u00f3mica&#8221;, centrada en las reformas laboral, tributaria y previsional, pilares del &#8220;Pacto de Mayo&#8221;. El contundente resultado [&hellip;]<\/p>\n","protected":false},"author":11,"featured_media":13644,"comment_status":"open","ping_status":"open","sticky":false,"template":"","format":"standard","meta":{"footnotes":""},"categories":[26],"tags":[],"class_list":{"0":"post-13643","1":"post","2":"type-post","3":"status-publish","4":"format-standard","5":"has-post-thumbnail","7":"category-nacionales"},"aioseo_notices":[],"_links":{"self":[{"href":"https:\/\/lalupa24.com.ar\/index.php\/wp-json\/wp\/v2\/posts\/13643","targetHints":{"allow":["GET"]}}],"collection":[{"href":"https:\/\/lalupa24.com.ar\/index.php\/wp-json\/wp\/v2\/posts"}],"about":[{"href":"https:\/\/lalupa24.com.ar\/index.php\/wp-json\/wp\/v2\/types\/post"}],"author":[{"embeddable":true,"href":"https:\/\/lalupa24.com.ar\/index.php\/wp-json\/wp\/v2\/users\/11"}],"replies":[{"embeddable":true,"href":"https:\/\/lalupa24.com.ar\/index.php\/wp-json\/wp\/v2\/comments?post=13643"}],"version-history":[{"count":1,"href":"https:\/\/lalupa24.com.ar\/index.php\/wp-json\/wp\/v2\/posts\/13643\/revisions"}],"predecessor-version":[{"id":13645,"href":"https:\/\/lalupa24.com.ar\/index.php\/wp-json\/wp\/v2\/posts\/13643\/revisions\/13645"}],"wp:featuredmedia":[{"embeddable":true,"href":"https:\/\/lalupa24.com.ar\/index.php\/wp-json\/wp\/v2\/media\/13644"}],"wp:attachment":[{"href":"https:\/\/lalupa24.com.ar\/index.php\/wp-json\/wp\/v2\/media?parent=13643"}],"wp:term":[{"taxonomy":"category","embeddable":true,"href":"https:\/\/lalupa24.com.ar\/index.php\/wp-json\/wp\/v2\/categories?post=13643"},{"taxonomy":"post_tag","embeddable":true,"href":"https:\/\/lalupa24.com.ar\/index.php\/wp-json\/wp\/v2\/tags?post=13643"}],"curies":[{"name":"wp","href":"https:\/\/api.w.org\/{rel}","templated":true}]}}