{"id":13666,"date":"2025-10-28T19:29:19","date_gmt":"2025-10-28T22:29:19","guid":{"rendered":"https:\/\/lalupa24.com.ar\/?p=13666"},"modified":"2025-10-28T19:29:20","modified_gmt":"2025-10-28T22:29:20","slug":"el-gobierno-convoca-a-sesiones-extraordinarias-para-tratar-el-presupuesto-2026-y-el-congreso-prepara-un-debate-clave","status":"publish","type":"post","link":"https:\/\/lalupa24.com.ar\/index.php\/2025\/10\/28\/el-gobierno-convoca-a-sesiones-extraordinarias-para-tratar-el-presupuesto-2026-y-el-congreso-prepara-un-debate-clave\/","title":{"rendered":"EL GOBIERNO CONVOCA A SESIONES EXTRAORDINARIAS PARA TRATAR EL PRESUPUESTO 2026 Y EL CONGRESO PREPARA UN DEBATE CLAVE"},"content":{"rendered":"\n<p>El Gobierno nacional formalizar\u00e1 esta semana la convocatoria a sesiones extraordinarias en el Congreso, con el objetivo primordial de tratar el proyecto de Ley de Presupuesto para el ejercicio 2026 y, potencialmente, incluir un paquete de reformas legislativas consideradas estrat\u00e9gicas. La decisi\u00f3n, que obligar\u00e1 al Poder Legislativo a trabajar durante el mes de diciembre, busca garantizar que el Ejecutivo cuente con su principal hoja de ruta fiscal aprobada y enviada a publicaci\u00f3n antes de finalizar el a\u00f1o, consolidando la gesti\u00f3n econ\u00f3mica de cara al pr\u00f3ximo ciclo.<\/p>\n\n\n\n<p>La determinaci\u00f3n de convocar a sesiones llega despu\u00e9s de que el debate presupuestario fuese estrat\u00e9gicamente pospuesto, buscando navegar con mayor consenso la nueva composici\u00f3n de la C\u00e1mara de Diputados, tras las recientes elecciones. Seg\u00fan fuentes allegadas a Casa Rosada, el aplazamiento se justific\u00f3 en la necesidad de generar &#8220;mayores acuerdos&#8221; que aseguren la viabilidad del proyecto, evitando un desgaste pol\u00edtico prematuro en un hemiciclo que presenta un equilibrio de fuerzas especialmente sensible para la administraci\u00f3n.<\/p>\n\n\n\n<p>Aunque la prioridad indiscutible es la ley de gasto y recursos, el Ejecutivo eval\u00faa sumar a la agenda legislativa un conjunto de reformas de menor calado, cuyo contenido se mantiene bajo estricto hermetismo. Estas adiciones podr\u00edan ir desde ajustes al C\u00f3digo Fiscal hasta modificaciones regulatorias sectoriales. Analistas pol\u00edticos sugieren que el Gobierno podr\u00eda utilizar la ventana de urgencia que impone el Presupuesto para impulsar medidas complementarias que, presentadas de forma aislada, encontrar\u00edan una oposici\u00f3n m\u00e1s f\u00e9rrea.<\/p>\n\n\n\n<p>El \u00e9xito de esta convocatoria reside, seg\u00fan el Dr. Alberto Cisneros, experto en derecho parlamentario, en la capacidad de ingenier\u00eda pol\u00edtica del oficialismo para articular los nuevos bloques legislativos. &#8220;El presupuesto es el documento rector del Gobierno. Su aprobaci\u00f3n sin contratiempos env\u00eda una se\u00f1al de certidumbre fiscal a los mercados, pero requiere un trabajo quir\u00fargico de negociaci\u00f3n sectorial, no solo de grandes alianzas&#8221;, precis\u00f3 el especialista.<\/p>\n\n\n\n<p>Las implicancias del Presupuesto 2026 son de gran magnitud, ya que definir\u00e1 el sendero de las grandes partidas, como la inversi\u00f3n en obra p\u00fablica, las asignaciones a provincias y el nivel de los subsidios energ\u00e9ticos y de transporte. Por su parte, la discusi\u00f3n de las &#8220;reformas&#8221; adosadas permitir\u00e1 vislumbrar la hoja de ruta del Gobierno en materia de modernizaci\u00f3n estatal y fomento a la inversi\u00f3n privada, en un contexto econ\u00f3mico que a\u00fan requiere se\u00f1ales claras para su reactivaci\u00f3n.<\/p>\n\n\n\n<p>La apertura del per\u00edodo de sesiones extraordinarias anticipa un final de a\u00f1o de intensa actividad pol\u00edtica en el Congreso. La aprobaci\u00f3n expedita y fiel al texto original brindar\u00eda al Ejecutivo un espaldarazo fundamental para la ejecuci\u00f3n de su plan. En contraste, cualquier demora o modificaci\u00f3n sustancial podr\u00eda complicar la gesti\u00f3n econ\u00f3mica y erosionar la capacidad negociadora del Gobierno al inicio formal del nuevo ciclo legislativo.<\/p>\n","protected":false},"excerpt":{"rendered":"<p>El Gobierno nacional formalizar\u00e1 esta semana la convocatoria a sesiones extraordinarias en el Congreso, con el objetivo primordial de tratar el proyecto de Ley de Presupuesto para el ejercicio 2026 y, potencialmente, incluir un paquete de reformas legislativas consideradas estrat\u00e9gicas. La decisi\u00f3n, que obligar\u00e1 al Poder Legislativo a trabajar durante el mes de diciembre, busca [&hellip;]<\/p>\n","protected":false},"author":2,"featured_media":13667,"comment_status":"open","ping_status":"open","sticky":false,"template":"","format":"standard","meta":{"footnotes":""},"categories":[26],"tags":[],"class_list":{"0":"post-13666","1":"post","2":"type-post","3":"status-publish","4":"format-standard","5":"has-post-thumbnail","7":"category-nacionales"},"aioseo_notices":[],"_links":{"self":[{"href":"https:\/\/lalupa24.com.ar\/index.php\/wp-json\/wp\/v2\/posts\/13666","targetHints":{"allow":["GET"]}}],"collection":[{"href":"https:\/\/lalupa24.com.ar\/index.php\/wp-json\/wp\/v2\/posts"}],"about":[{"href":"https:\/\/lalupa24.com.ar\/index.php\/wp-json\/wp\/v2\/types\/post"}],"author":[{"embeddable":true,"href":"https:\/\/lalupa24.com.ar\/index.php\/wp-json\/wp\/v2\/users\/2"}],"replies":[{"embeddable":true,"href":"https:\/\/lalupa24.com.ar\/index.php\/wp-json\/wp\/v2\/comments?post=13666"}],"version-history":[{"count":1,"href":"https:\/\/lalupa24.com.ar\/index.php\/wp-json\/wp\/v2\/posts\/13666\/revisions"}],"predecessor-version":[{"id":13675,"href":"https:\/\/lalupa24.com.ar\/index.php\/wp-json\/wp\/v2\/posts\/13666\/revisions\/13675"}],"wp:featuredmedia":[{"embeddable":true,"href":"https:\/\/lalupa24.com.ar\/index.php\/wp-json\/wp\/v2\/media\/13667"}],"wp:attachment":[{"href":"https:\/\/lalupa24.com.ar\/index.php\/wp-json\/wp\/v2\/media?parent=13666"}],"wp:term":[{"taxonomy":"category","embeddable":true,"href":"https:\/\/lalupa24.com.ar\/index.php\/wp-json\/wp\/v2\/categories?post=13666"},{"taxonomy":"post_tag","embeddable":true,"href":"https:\/\/lalupa24.com.ar\/index.php\/wp-json\/wp\/v2\/tags?post=13666"}],"curies":[{"name":"wp","href":"https:\/\/api.w.org\/{rel}","templated":true}]}}