{"id":13676,"date":"2025-10-28T19:29:41","date_gmt":"2025-10-28T22:29:41","guid":{"rendered":"https:\/\/lalupa24.com.ar\/?p=13676"},"modified":"2025-10-28T19:29:43","modified_gmt":"2025-10-28T22:29:43","slug":"rio-de-janeiro-en-estado-de-guerra-megaoperativo-policial-deja-64-muertos-y-dispara-la-alarma-sobre-la-letalidad-estatal","status":"publish","type":"post","link":"https:\/\/lalupa24.com.ar\/index.php\/2025\/10\/28\/rio-de-janeiro-en-estado-de-guerra-megaoperativo-policial-deja-64-muertos-y-dispara-la-alarma-sobre-la-letalidad-estatal\/","title":{"rendered":"R\u00cdO DE JANEIRO EN ESTADO DE GUERRA: MEGAOPERATIVO POLICIAL DEJA 64 MUERTOS Y DISPARA LA ALARMA SOBRE LA LETALIDAD ESTATAL"},"content":{"rendered":"\n<p>R\u00edo de Janeiro vivi\u00f3 una jornada de terror con la operaci\u00f3n policial m\u00e1s letal en su historia reciente, que culmin\u00f3 con un saldo de 64 personas fallecidas, incluyendo cuatro agentes de seguridad, tras una masiva incursi\u00f3n contra la facci\u00f3n criminal Comando Vermelho (CV). El megaoperativo, que moviliz\u00f3 a 2.500 agentes, helic\u00f3pteros y veh\u00edculos blindados en los complejos de Alem\u00e3o y Penha, ha reavivado el debate sobre la pol\u00edtica de seguridad p\u00fablica y el uso de fuerza desmedida en las favelas cariocas, territorios hist\u00f3ricamente disputados por el crimen organizado.<\/p>\n\n\n\n<p>La ofensiva se lanz\u00f3 con el objetivo primordial de capturar a Edgar Alves de Andrade, alias &#8220;Doca&#8221; o &#8220;Urso&#8221;, un capo regional del Comando Vermelho vinculado por la Fiscal\u00eda a m\u00e1s de un centenar de causas judiciales por homicidio, tr\u00e1fico de drogas y tortura. La acci\u00f3n de las fuerzas del orden se desarroll\u00f3 desde el amanecer, utilizando drones de reconocimiento y veh\u00edculos de demolici\u00f3n para romper las barricadas criminales, y concluy\u00f3 con la incautaci\u00f3n de 42 fusiles de alto calibre y la detenci\u00f3n de 81 personas, seg\u00fan el balance oficial.<\/p>\n\n\n\n<p>La magnitud de las v\u00edctimas mortales ha generado una ola de condena por parte de organizaciones de derechos humanos. Estas entidades, con un historial de denuncias sobre ejecuciones extrajudiciales, cuestionan la proporcionalidad de la respuesta estatal en barrios densamente poblados. El director del observatorio World of Crime, Chris Dalby, se\u00f1al\u00f3 que esta operaci\u00f3n evidencia que el Comando Vermelho opera con una &#8220;capacidad casi paramilitar&#8221;, lo que, si bien es una amenaza real, no exime de la obligaci\u00f3n de respetar los protocolos de uso de la fuerza.<\/p>\n\n\n\n<p>El gobernador de R\u00edo, Cl\u00e1udio Castro, defendi\u00f3 la acci\u00f3n calific\u00e1ndola de &#8220;guerra&#8221; contra una amenaza &#8220;insurgente&#8221;, pero al mismo tiempo lament\u00f3 la falta de apoyo log\u00edstico del Gobierno federal. Mientras las autoridades justifican la letalidad por la resistencia armada inusual de los criminales, los m\u00e1s de 200.000 habitantes de Alem\u00e3o y Penha sufrieron la interrupci\u00f3n de servicios b\u00e1sicos, la suspensi\u00f3n de clases en 45 centros educativos y la par\u00e1lisis del transporte, quedando atrapados en un conflicto que no controlan.<\/p>\n\n\n\n<p>Organizaciones internacionales, como Human Rights Watch, han recordado las advertencias emitidas en meses recientes sobre un proyecto de ley en el estado que podr\u00eda crear &#8220;incentivos financieros para que la polic\u00eda dispare en lugar de arrestar&#8221;, lo que profundiza la preocupaci\u00f3n por la impunidad policial en este tipo de enfrentamientos. El dilema \u00e9tico y legal sobre el uso de la fuerza en las favelas, donde la frontera entre combate leg\u00edtimo al crimen y vulneraci\u00f3n de derechos se difumina, persiste como un problema estructural.<\/p>\n\n\n\n<p>De cara al futuro, el desaf\u00edo del Estado de R\u00edo de Janeiro ser\u00e1 doble: no solo desmantelar la capacidad operativa y log\u00edstica del Comando Vermelho, sino tambi\u00e9n garantizar investigaciones independientes sobre cada una de las muertes ocurridas en el operativo. Si la estrategia se limita a la confrontaci\u00f3n b\u00e9lica sin una reconstrucci\u00f3n urgente del tejido social y la presencia institucional no policial en las favelas, el ciclo de violencia y el control territorial del crimen organizado continuar\u00e1n definiendo la vida en la metr\u00f3polis.<\/p>\n","protected":false},"excerpt":{"rendered":"<p>R\u00edo de Janeiro vivi\u00f3 una jornada de terror con la operaci\u00f3n policial m\u00e1s letal en su historia reciente, que culmin\u00f3 con un saldo de 64 personas fallecidas, incluyendo cuatro agentes de seguridad, tras una masiva incursi\u00f3n contra la facci\u00f3n criminal Comando Vermelho (CV). El megaoperativo, que moviliz\u00f3 a 2.500 agentes, helic\u00f3pteros y veh\u00edculos blindados en [&hellip;]<\/p>\n","protected":false},"author":2,"featured_media":13668,"comment_status":"open","ping_status":"open","sticky":false,"template":"","format":"standard","meta":{"footnotes":""},"categories":[25],"tags":[],"class_list":{"0":"post-13676","1":"post","2":"type-post","3":"status-publish","4":"format-standard","5":"has-post-thumbnail","7":"category-internacionales"},"aioseo_notices":[],"_links":{"self":[{"href":"https:\/\/lalupa24.com.ar\/index.php\/wp-json\/wp\/v2\/posts\/13676","targetHints":{"allow":["GET"]}}],"collection":[{"href":"https:\/\/lalupa24.com.ar\/index.php\/wp-json\/wp\/v2\/posts"}],"about":[{"href":"https:\/\/lalupa24.com.ar\/index.php\/wp-json\/wp\/v2\/types\/post"}],"author":[{"embeddable":true,"href":"https:\/\/lalupa24.com.ar\/index.php\/wp-json\/wp\/v2\/users\/2"}],"replies":[{"embeddable":true,"href":"https:\/\/lalupa24.com.ar\/index.php\/wp-json\/wp\/v2\/comments?post=13676"}],"version-history":[{"count":1,"href":"https:\/\/lalupa24.com.ar\/index.php\/wp-json\/wp\/v2\/posts\/13676\/revisions"}],"predecessor-version":[{"id":13677,"href":"https:\/\/lalupa24.com.ar\/index.php\/wp-json\/wp\/v2\/posts\/13676\/revisions\/13677"}],"wp:featuredmedia":[{"embeddable":true,"href":"https:\/\/lalupa24.com.ar\/index.php\/wp-json\/wp\/v2\/media\/13668"}],"wp:attachment":[{"href":"https:\/\/lalupa24.com.ar\/index.php\/wp-json\/wp\/v2\/media?parent=13676"}],"wp:term":[{"taxonomy":"category","embeddable":true,"href":"https:\/\/lalupa24.com.ar\/index.php\/wp-json\/wp\/v2\/categories?post=13676"},{"taxonomy":"post_tag","embeddable":true,"href":"https:\/\/lalupa24.com.ar\/index.php\/wp-json\/wp\/v2\/tags?post=13676"}],"curies":[{"name":"wp","href":"https:\/\/api.w.org\/{rel}","templated":true}]}}