{"id":1368,"date":"2024-05-23T12:47:27","date_gmt":"2024-05-23T15:47:27","guid":{"rendered":"https:\/\/lalupa24.com.ar\/?p=1368"},"modified":"2024-05-23T12:47:27","modified_gmt":"2024-05-23T15:47:27","slug":"el-gobernador-desde-basail-lanzo-el-programa-somos-educacion-en-territorio","status":"publish","type":"post","link":"https:\/\/lalupa24.com.ar\/index.php\/2024\/05\/23\/el-gobernador-desde-basail-lanzo-el-programa-somos-educacion-en-territorio\/","title":{"rendered":"El gobernador desde Basail lanz\u00f3 el programa \u201csomos educaci\u00f3n en territorio\u201d"},"content":{"rendered":"\n<p>El gobernador Leandro Zdero, acompa\u00f1ado de la ministra de Educaci\u00f3n, Cultura, Ciencia y Tecnolog\u00eda, Sof\u00eda Naidenoff, este mi\u00e9rcoles, desde Basail lanz\u00f3 el programa \u201cSomos Educaci\u00f3n en Territorio\u201d.<\/p>\n\n\n\n<p>El objetivo es garantizar el acceso y fortalecer el v\u00ednculo con docentes, alumnos y la comunidad. El programa, que prev\u00e9 extenderse a todas las localidades chaque\u00f1as, contempla asesoramiento, talleres y capacitaciones a estudiantes y docentes.&nbsp; \u201cEste programa nos permitir\u00e1 seguir aunando esfuerzos para trabajar juntos en un Chaco con futuro, un Chaco con educaci\u00f3n, un Chaco con j\u00f3venes y ni\u00f1os libres. Para eso necesitamos el acompa\u00f1amiento de padres, docentes y alumnos para seguir en camino hacia una educaci\u00f3n con calidad, con capacidad de generar alumnos con capacidad para decidir y abracen la libertad del futuro\u201d- indic\u00f3 el mandatario.&nbsp;&nbsp;<\/p>\n\n\n\n<p>En este contexto destac\u00f3 la articulaci\u00f3n del Ministerio de Educaci\u00f3n con distintas \u00e1reas para acceder a informaci\u00f3n precisa que hace a una gesti\u00f3n m\u00e1s eficiente y transparente. \u201cEn nuestra provincia se viene un nuevo tiempo. Frente a la situaci\u00f3n econ\u00f3mica que estamos atravesando, no vamos ni debemos detener el rumbo en este nuevo paradigma que queremos, que tiene que ver con el trabajo y la producci\u00f3n, fortaleciendo la salud p\u00fablica, la seguridad y la educaci\u00f3n\u201d, se\u00f1al\u00f3.<\/p>\n\n\n\n<p>Este programa lanzado hoy desde el Club Social y Recreativo Municipal de Basail, se replicar\u00e1 en distintos puntos de la provincia, y adem\u00e1s propone \u201cun d\u00eda diferente de clases\u201d con el desarrollo de talleres de lectura, recreativos y acad\u00e9micos, tanto para estudiantes como para docentes de todos los niveles y todas las modalidades educativas; promueve el intercambio de experiencias.<\/p>\n\n\n\n<p>El club se cop\u00f3 de stand y mesas de consultas, donde tambi\u00e9n se dieron a conocer los programas y servicios que brinda el Ministerio de Educaci\u00f3n en funci\u00f3n de la pol\u00edtica educativa trazada por el gobernador Zdero.<\/p>\n\n\n\n<p>&nbsp;MINISTRA NAIDENOFF:\u201cSOMOS EDUCACI\u00d3N EN TERRITORIO, NACI\u00d3 DEL GOBERNADOR\u201d<\/p>\n\n\n\n<p>En la oportunidad, la ministra Sof\u00eda Naidenoff manifest\u00f3: \u201cSomos Educaci\u00f3n en Territorio naci\u00f3 del gobernador Leandro Zdero, cuando nos convoc\u00f3 nos dijo: \u2018Quiero funcionarios en territorio para que den respuesta a la gente\u2019. Hoy tenemos la posibilidad de estar con la gente que necesita respuestas\u201d. A la vez que remarc\u00f3: \u201cTrabajamos con los intendentes para ir atendiendo las demandas de las escuelas. Les damos los materiales y ellos ponen la mano de obra, es un trabajo articulado\u201d.<\/p>\n\n\n\n<p>Tambi\u00e9n, estuvo presente el ministro de la Producci\u00f3n y el Desarrollo Econ\u00f3mico Sostenible, Hern\u00e1n Halavacs; el intendente de Basail, Hern\u00e1n Paniagua; y dem\u00e1s autoridades del gabinete educativo, directores de niveles, de las modalidades y equipos t\u00e9cnicos pedag\u00f3gicos.<\/p>\n\n\n\n<p>&nbsp;ACUERDO ENTRE EDUCACI\u00d3N Y PRODUCCI\u00d3N PARA FORTALECER LA FORMACI\u00d3N PROFESIONAL<\/p>\n\n\n\n<p>En el marco de este acto, la ministra Sof\u00eda Naidenoff y el ministro Hern\u00e1n Halavacs, firmaron un acta acuerdo con el prop\u00f3sito de favorecer la realizaci\u00f3n de actividades de formaci\u00f3n para emprendimientos urbanos y rurales de la provincia, a trav\u00e9s del dictado de cursos, trayectos formativos y talleres que tengan impacto positivo en la formaci\u00f3n del sector.<\/p>\n\n\n\n<p>Durante toda la jornada se desarrollan talleres destinados a estudiantes, docentes y comunidad toda, as\u00ed como tambi\u00e9n se generaron espacios recreativos y de capacitaci\u00f3n para docentes y estudiantes en cuestiones de \u00edndole acad\u00e9mica.<\/p>\n","protected":false},"excerpt":{"rendered":"<p>El gobernador Leandro Zdero, acompa\u00f1ado de la ministra de Educaci\u00f3n, Cultura, Ciencia y Tecnolog\u00eda, Sof\u00eda Naidenoff, este mi\u00e9rcoles, desde Basail lanz\u00f3 el programa \u201cSomos Educaci\u00f3n en Territorio\u201d. El objetivo es garantizar el acceso y fortalecer el v\u00ednculo con docentes, alumnos y la comunidad. El programa, que prev\u00e9 extenderse a todas las localidades chaque\u00f1as, contempla asesoramiento, [&hellip;]<\/p>\n","protected":false},"author":2,"featured_media":1369,"comment_status":"open","ping_status":"open","sticky":false,"template":"","format":"standard","meta":{"footnotes":""},"categories":[27,28],"tags":[],"class_list":{"0":"post-1368","1":"post","2":"type-post","3":"status-publish","4":"format-standard","5":"has-post-thumbnail","7":"category-interior","8":"category-locales"},"aioseo_notices":[],"_links":{"self":[{"href":"https:\/\/lalupa24.com.ar\/index.php\/wp-json\/wp\/v2\/posts\/1368","targetHints":{"allow":["GET"]}}],"collection":[{"href":"https:\/\/lalupa24.com.ar\/index.php\/wp-json\/wp\/v2\/posts"}],"about":[{"href":"https:\/\/lalupa24.com.ar\/index.php\/wp-json\/wp\/v2\/types\/post"}],"author":[{"embeddable":true,"href":"https:\/\/lalupa24.com.ar\/index.php\/wp-json\/wp\/v2\/users\/2"}],"replies":[{"embeddable":true,"href":"https:\/\/lalupa24.com.ar\/index.php\/wp-json\/wp\/v2\/comments?post=1368"}],"version-history":[{"count":1,"href":"https:\/\/lalupa24.com.ar\/index.php\/wp-json\/wp\/v2\/posts\/1368\/revisions"}],"predecessor-version":[{"id":1370,"href":"https:\/\/lalupa24.com.ar\/index.php\/wp-json\/wp\/v2\/posts\/1368\/revisions\/1370"}],"wp:featuredmedia":[{"embeddable":true,"href":"https:\/\/lalupa24.com.ar\/index.php\/wp-json\/wp\/v2\/media\/1369"}],"wp:attachment":[{"href":"https:\/\/lalupa24.com.ar\/index.php\/wp-json\/wp\/v2\/media?parent=1368"}],"wp:term":[{"taxonomy":"category","embeddable":true,"href":"https:\/\/lalupa24.com.ar\/index.php\/wp-json\/wp\/v2\/categories?post=1368"},{"taxonomy":"post_tag","embeddable":true,"href":"https:\/\/lalupa24.com.ar\/index.php\/wp-json\/wp\/v2\/tags?post=1368"}],"curies":[{"name":"wp","href":"https:\/\/api.w.org\/{rel}","templated":true}]}}