{"id":13688,"date":"2025-10-28T19:41:07","date_gmt":"2025-10-28T22:41:07","guid":{"rendered":"https:\/\/lalupa24.com.ar\/?p=13688"},"modified":"2025-10-28T19:41:09","modified_gmt":"2025-10-28T22:41:09","slug":"asumio-pablo-quirno-milei-profundiza-el-giro-hacia-una-diplomacia-de-perfil-financiero-tras-el-triunfo-legislativo","status":"publish","type":"post","link":"https:\/\/lalupa24.com.ar\/index.php\/2025\/10\/28\/asumio-pablo-quirno-milei-profundiza-el-giro-hacia-una-diplomacia-de-perfil-financiero-tras-el-triunfo-legislativo\/","title":{"rendered":"ASUMI\u00d3 PABLO QUIRNO: MILEI PROFUNDIZA EL GIRO HACIA UNA DIPLOMACIA DE PERFIL FINANCIERO TRAS EL TRIUNFO LEGISLATIVO"},"content":{"rendered":"\n<p>El presidente Javier Milei formaliz\u00f3 este martes 28 de octubre de 2025 la primera modificaci\u00f3n sustancial de su Gabinete post-electoral, al tomar juramento a Pablo Quirno como nuevo ministro de Relaciones Exteriores, Comercio Internacional y Culto. El acto, celebrado en el Sal\u00f3n Blanco de la Casa Rosada, no solo oficializa un cambio de nombres, sino que inyecta un perfil marcadamente econ\u00f3mico y financiero en la Canciller\u00eda, marcando el inicio de la reestructuraci\u00f3n ministerial que el Ejecutivo proyecta para su &#8220;segundo tramo de mandato&#8221;, con el objetivo de fortalecer la gesti\u00f3n y apuntalar las reformas que se debatir\u00e1n en el nuevo Congreso.<\/p>\n\n\n\n<p>La llegada de Quirno se produce tras la renuncia de Gerardo Werthein, quien se hab\u00eda apartado del cargo en medio de la semana electoral, bajo un tel\u00f3n de fondo de diferencias internas sobre la implementaci\u00f3n de la pol\u00edtica exterior. La celeridad de la designaci\u00f3n, confirmada por la Oficina del Presidente antes de los comicios legislativos, subraya la prioridad que el Gobierno le otorga a la continuidad de la gesti\u00f3n y a la alineaci\u00f3n de la diplomacia con la agenda macroecon\u00f3mica. El ahora excanciller Werthein hab\u00eda centrado su gesti\u00f3n en la apertura de mercados y la atracci\u00f3n de inversiones, un eje que se espera Quirno profundice.<\/p>\n\n\n\n<p>El perfil del flamante Canciller resulta revelador para la orientaci\u00f3n futura de la pol\u00edtica exterior argentina. Proveniente de la Secretar\u00eda de Finanzas, donde gestion\u00f3 licitaciones clave de instrumentos del Tesoro en pesos y d\u00f3lares, Quirno aporta una visi\u00f3n t\u00e9cnica y una profunda comprensi\u00f3n de los mercados globales. Expertos en relaciones internacionales sugieren que su nombramiento consolida una Canciller\u00eda entendida no solo como centro de pol\u00edtica exterior, sino como una herramienta ejecutiva del Ministerio de Econom\u00eda, priorizando las negociaciones de deuda, la atracci\u00f3n de flujos de capital y el comercio internacional por encima de la diplomacia tradicional.<\/p>\n\n\n\n<p>Este enroque ministerial no es un hecho aislado, sino la pieza inicial de un tablero en movimiento. La jura de Quirno se enmarca en la expectativa de una reestructuraci\u00f3n m\u00e1s amplia que se espera se concrete hacia fin de a\u00f1o. Otros funcionarios clave, como el ministro de Justicia, Mariano C\u00faneo Libarona, y los ministros de Defensa y Seguridad, Luis Petri y Patricia Bullrich, han visto sus futuros puestos en entredicho tras sus recientes victorias electorales en las urnas. La situaci\u00f3n de Bullrich, electa senadora, es especialmente sensible, ya que se discute su sucesi\u00f3n en Seguridad, pero tambi\u00e9n su posible rol como presidenta provisional del Senado para equilibrar el poder legislativo.<\/p>\n\n\n\n<p>La estrategia del presidente Milei, seg\u00fan fuentes cercanas a Balcarce 50, pasa por esperar el cambio de composici\u00f3n del Congreso, que se har\u00e1 efectivo el 11 de diciembre, para definir los movimientos restantes. &#8220;A ver, esto es un proceso que se va madurando de cara a lo que es el segundo tramo del mandato&#8221;, explic\u00f3 el Jefe de Estado, indicando que dialogar\u00e1 con las personas que considera la &#8220;estructura \u00f3ptima&#8221; para avanzar en su agenda de reformas. Esta visi\u00f3n sugiere que los cambios ministeriales buscan optimizar los cuadros para la fase de implementaci\u00f3n legislativa, donde el Ejecutivo necesitar\u00e1 el m\u00e1ximo apoyo pol\u00edtico y t\u00e9cnico.<\/p>\n\n\n\n<p>Con Pablo Quirno a la cabeza de la diplomacia, la Argentina proyecta una pol\u00edtica exterior focalizada en la inserci\u00f3n pragm\u00e1tica y financiera en el sistema global. La expectativa recae en c\u00f3mo esta nueva conducci\u00f3n lograr\u00e1 traducir su <em>expertise<\/em> en finanzas en capital pol\u00edtico y econ\u00f3mico tangible para el pa\u00eds. El desaf\u00edo inmediato de Quirno ser\u00e1 maximizar los acuerdos de libre comercio y atraer la inversi\u00f3n necesaria para sostener la estabilidad macroecon\u00f3mica, en un contexto regional y mundial de alta volatilidad.<\/p>\n","protected":false},"excerpt":{"rendered":"<p>El presidente Javier Milei formaliz\u00f3 este martes 28 de octubre de 2025 la primera modificaci\u00f3n sustancial de su Gabinete post-electoral, al tomar juramento a Pablo Quirno como nuevo ministro de Relaciones Exteriores, Comercio Internacional y Culto. El acto, celebrado en el Sal\u00f3n Blanco de la Casa Rosada, no solo oficializa un cambio de nombres, sino [&hellip;]<\/p>\n","protected":false},"author":2,"featured_media":13674,"comment_status":"open","ping_status":"open","sticky":false,"template":"","format":"standard","meta":{"footnotes":""},"categories":[26],"tags":[],"class_list":{"0":"post-13688","1":"post","2":"type-post","3":"status-publish","4":"format-standard","5":"has-post-thumbnail","7":"category-nacionales"},"aioseo_notices":[],"_links":{"self":[{"href":"https:\/\/lalupa24.com.ar\/index.php\/wp-json\/wp\/v2\/posts\/13688","targetHints":{"allow":["GET"]}}],"collection":[{"href":"https:\/\/lalupa24.com.ar\/index.php\/wp-json\/wp\/v2\/posts"}],"about":[{"href":"https:\/\/lalupa24.com.ar\/index.php\/wp-json\/wp\/v2\/types\/post"}],"author":[{"embeddable":true,"href":"https:\/\/lalupa24.com.ar\/index.php\/wp-json\/wp\/v2\/users\/2"}],"replies":[{"embeddable":true,"href":"https:\/\/lalupa24.com.ar\/index.php\/wp-json\/wp\/v2\/comments?post=13688"}],"version-history":[{"count":1,"href":"https:\/\/lalupa24.com.ar\/index.php\/wp-json\/wp\/v2\/posts\/13688\/revisions"}],"predecessor-version":[{"id":13689,"href":"https:\/\/lalupa24.com.ar\/index.php\/wp-json\/wp\/v2\/posts\/13688\/revisions\/13689"}],"wp:featuredmedia":[{"embeddable":true,"href":"https:\/\/lalupa24.com.ar\/index.php\/wp-json\/wp\/v2\/media\/13674"}],"wp:attachment":[{"href":"https:\/\/lalupa24.com.ar\/index.php\/wp-json\/wp\/v2\/media?parent=13688"}],"wp:term":[{"taxonomy":"category","embeddable":true,"href":"https:\/\/lalupa24.com.ar\/index.php\/wp-json\/wp\/v2\/categories?post=13688"},{"taxonomy":"post_tag","embeddable":true,"href":"https:\/\/lalupa24.com.ar\/index.php\/wp-json\/wp\/v2\/tags?post=13688"}],"curies":[{"name":"wp","href":"https:\/\/api.w.org\/{rel}","templated":true}]}}