{"id":13709,"date":"2025-10-28T19:58:18","date_gmt":"2025-10-28T22:58:18","guid":{"rendered":"https:\/\/lalupa24.com.ar\/?p=13709"},"modified":"2025-10-28T19:58:20","modified_gmt":"2025-10-28T22:58:20","slug":"el-ocaso-del-lider-piquetero-emergenciano-sena-intento-esconder-su-rostro-en-el-arranque-del-juicio-por-el-femicidio-de-cecilia-strzyzowski","status":"publish","type":"post","link":"https:\/\/lalupa24.com.ar\/index.php\/2025\/10\/28\/el-ocaso-del-lider-piquetero-emergenciano-sena-intento-esconder-su-rostro-en-el-arranque-del-juicio-por-el-femicidio-de-cecilia-strzyzowski\/","title":{"rendered":"EL OCASO DEL L\u00cdDER PIQUETERO: EMERGENCIANO SENA INTENT\u00d3 ESCONDER SU ROSTRO EN EL ARRANQUE DEL JUICIO POR EL FEMICIDIO DE CECILIA STRZYZOWSKI"},"content":{"rendered":"\n<p>La primera jornada del hist\u00f3rico <strong>juicio por jurados<\/strong> contra el Clan Sena por el femicidio de Cecilia Strzyzowski en Chaco expuso un cambio de paradigma en la figura de <strong>Emerenciano Sena<\/strong>. El hombre que por d\u00e9cadas ostent\u00f3 un inmenso poder territorial y pol\u00edtico, manejando estructuras sociales y ali\u00e1ndose con el poder provincial, mostr\u00f3 un gesto de evidente vulnerabilidad al intentar <strong>tapar su rostro<\/strong> ante las c\u00e1maras y el p\u00fablico al ingresar a la audiencia. Esta actitud esquiva contrasta radicalmente con su pasado de dirigente social influyente y marca la ca\u00edda simb\u00f3lica de su poder frente a la justicia penal.<\/p>\n\n\n\n<p>El proceso judicial, que se inici\u00f3 este martes en Resistencia, tiene como primera etapa la crucial <strong>selecci\u00f3n del jurado popular<\/strong>, a partir de un padr\u00f3n de 180 preseleccionados. La expectativa en torno al debate es superlativa, dado que el caso conmocion\u00f3 al pa\u00eds por la violencia del crimen y los v\u00ednculos de los principales acusados con la esfera pol\u00edtica, especialmente con el exgobernador Jorge Capitanich. La fiscal\u00eda acusa a Sena (padre) y a Marcela Acu\u00f1a como <strong>part\u00edcipes primarios<\/strong> del femicidio de Cecilia, orquestado y ejecutado por su hijo, C\u00e9sar Sena.<\/p>\n\n\n\n<p>El gesto de ocultar su identidad es interpretado como una muestra de la <strong>p\u00e9rdida absoluta de su capital simb\u00f3lico y pol\u00edtico<\/strong>. En el pasado, Emerenciano Sena se jactaba de su liderazgo, e incluso lleg\u00f3 a emitir videos desde la prisi\u00f3n preventiva denunciando supuestas &#8220;torturas&#8221; y persecuci\u00f3n pol\u00edtica, intentando victimizarse y desviar el foco de las graves acusaciones. Sin embargo, en esta instancia definitiva, la fachada de poder se desmorona al enfrentar no solo a un tribunal t\u00e9cnico, sino directamente a doce ciudadanos que decidir\u00e1n su destino penal.<\/p>\n\n\n\n<p>Junto a \u00e9l, su esposa <strong>Marcela Acu\u00f1a<\/strong> y su hijo <strong>C\u00e9sar Sena<\/strong> tambi\u00e9n estuvieron presentes en el inicio del proceso. Mientras que C\u00e9sar, en audiencias preliminares, hab\u00eda mostrado actitudes desafiantes e incluso sonrientes, la t\u00f3nica general de los principales imputados reflej\u00f3 la seriedad de la instancia. Este cambio en la postura p\u00fablica subraya la estrategia de la defensa, que, al verse acorralada por el caudal de pruebas circunstanciales presentadas por el Equipo Fiscal Especial (EFE), busca ahora proyectar una imagen menos confrontativa ante los futuros jurados.<\/p>\n\n\n\n<p>La relevancia de la jornada no solo se centr\u00f3 en los imputados. <strong>Gloria Romero<\/strong>, madre de la v\u00edctima y querellante en la causa, lleg\u00f3 a Chaco bajo custodia de Gendarmer\u00eda, reforzando la sensaci\u00f3n de amenaza que a\u00fan persiste en torno al caso. La madre de Cecilia, quien ser\u00e1 la primera testigo en el debate oral, ha dejado clara su postura: <strong>&#8220;Sin perpetua no hay Justicia&#8221;<\/strong>, al tiempo que solicit\u00f3 formalmente no tener contacto visual con Emerenciano Sena y Marcela Acu\u00f1a durante su declaraci\u00f3n, marcando un l\u00edmite emocional ante la brutalidad del crimen.<\/p>\n\n\n\n<p>El juicio se extender\u00e1 durante 16 jornadas clave y ser\u00e1 un hito en la justicia de Chaco. El proceso de selecci\u00f3n de jurados, que se espera sea riguroso para garantizar la imparcialidad en un caso de tan alto perfil, dar\u00e1 paso a la exposici\u00f3n de la &#8220;monta\u00f1a de pruebas&#8221; que sustentan la acusaci\u00f3n de un crimen planificado y ejecutado sin cuerpo. El gesto de Emerenciano Sena, un reflejo del ocaso de su poder, anticipa un debate donde la verdad buscar\u00e1 imponerse sobre a\u00f1os de impunidad y v\u00ednculos pol\u00edticos.<\/p>\n","protected":false},"excerpt":{"rendered":"<p>La primera jornada del hist\u00f3rico juicio por jurados contra el Clan Sena por el femicidio de Cecilia Strzyzowski en Chaco expuso un cambio de paradigma en la figura de Emerenciano Sena. El hombre que por d\u00e9cadas ostent\u00f3 un inmenso poder territorial y pol\u00edtico, manejando estructuras sociales y ali\u00e1ndose con el poder provincial, mostr\u00f3 un gesto [&hellip;]<\/p>\n","protected":false},"author":2,"featured_media":13707,"comment_status":"open","ping_status":"open","sticky":false,"template":"","format":"standard","meta":{"footnotes":""},"categories":[28],"tags":[],"class_list":{"0":"post-13709","1":"post","2":"type-post","3":"status-publish","4":"format-standard","5":"has-post-thumbnail","7":"category-locales"},"aioseo_notices":[],"_links":{"self":[{"href":"https:\/\/lalupa24.com.ar\/index.php\/wp-json\/wp\/v2\/posts\/13709","targetHints":{"allow":["GET"]}}],"collection":[{"href":"https:\/\/lalupa24.com.ar\/index.php\/wp-json\/wp\/v2\/posts"}],"about":[{"href":"https:\/\/lalupa24.com.ar\/index.php\/wp-json\/wp\/v2\/types\/post"}],"author":[{"embeddable":true,"href":"https:\/\/lalupa24.com.ar\/index.php\/wp-json\/wp\/v2\/users\/2"}],"replies":[{"embeddable":true,"href":"https:\/\/lalupa24.com.ar\/index.php\/wp-json\/wp\/v2\/comments?post=13709"}],"version-history":[{"count":1,"href":"https:\/\/lalupa24.com.ar\/index.php\/wp-json\/wp\/v2\/posts\/13709\/revisions"}],"predecessor-version":[{"id":13710,"href":"https:\/\/lalupa24.com.ar\/index.php\/wp-json\/wp\/v2\/posts\/13709\/revisions\/13710"}],"wp:featuredmedia":[{"embeddable":true,"href":"https:\/\/lalupa24.com.ar\/index.php\/wp-json\/wp\/v2\/media\/13707"}],"wp:attachment":[{"href":"https:\/\/lalupa24.com.ar\/index.php\/wp-json\/wp\/v2\/media?parent=13709"}],"wp:term":[{"taxonomy":"category","embeddable":true,"href":"https:\/\/lalupa24.com.ar\/index.php\/wp-json\/wp\/v2\/categories?post=13709"},{"taxonomy":"post_tag","embeddable":true,"href":"https:\/\/lalupa24.com.ar\/index.php\/wp-json\/wp\/v2\/tags?post=13709"}],"curies":[{"name":"wp","href":"https:\/\/api.w.org\/{rel}","templated":true}]}}