{"id":13723,"date":"2025-10-29T08:59:27","date_gmt":"2025-10-29T11:59:27","guid":{"rendered":"https:\/\/lalupa24.com.ar\/?p=13723"},"modified":"2025-10-29T08:59:28","modified_gmt":"2025-10-29T11:59:28","slug":"se-postergaria-el-debate-del-presupuesto-para-extraordinarias","status":"publish","type":"post","link":"https:\/\/lalupa24.com.ar\/index.php\/2025\/10\/29\/se-postergaria-el-debate-del-presupuesto-para-extraordinarias\/","title":{"rendered":"Se postergar\u00eda el debate del Presupuesto para extraordinarias"},"content":{"rendered":"\n<p>extraordinarias<\/p>\n\n\n\n<p>Tras el inesperado triunfo electoral, el oficialismo acelera gestos de apertura y convoc\u00f3 para este jueves a una reuni\u00f3n con los mandatarios provinciales que considera aliados potenciales. La cita ser\u00e1 el primer paso para negociar reformas y garantizar gobernabilidad.<\/p>\n\n\n\n<p>Consciente de que el sorpresivo triunfo del \u00faltimo domingo le abri\u00f3 una nueva y definitiva oportunidad, el Gobierno nacional no pierde tiempo y organiza para este jueves una reuni\u00f3n con todos los gobernadores con los que quiere \u2014y sabe que puede\u2014 sentarse a negociar. En los c\u00e1lculos preliminares se estima que ser\u00e1n entre 17 y 18 los mandatarios provinciales que llegar\u00e1n a Buenos Aires para reunirse con el presidente, quien confes\u00f3 en estos d\u00edas que esa actividad no le resulta grata, pero ha tomado conciencia de que debe cumplirla, y lo est\u00e1 haciendo.<\/p>\n\n\n\n<p>Este jueves se sentar\u00e1 en la cabecera de la mesa en la Casa de Gobierno para comenzar a delinear los pasos a seguir tras haber tocado el cielo con las manos.<\/p>\n\n\n\n<p>El Gobierno se dispone ahora a cumplir con los mandamientos que vienen del Norte, que en primer lugar le reclaman ampliar las bases de sustentaci\u00f3n pol\u00edtica, trazando acuerdos con los gobernadores. Con ellos ya comenz\u00f3 a hablar y casi todas las invitaciones fueron enviadas. Habr\u00e1 entonces una foto este jueves, aquella que los gobernadores de Provincias Unidas, por ejemplo, se negaron a tomarse antes del 26 de octubre. Ser\u00e1 en circunstancias bien distintas de las que imaginaban, pero a sabiendas de que no hay alternativa. Esa reuni\u00f3n hubiera surgido de cualquier manera, pero est\u00e1 claro que esta manera es mucho m\u00e1s favorable para el Gobierno que si el resultado electoral hubiera sido otro.<\/p>\n\n\n\n<p>Esta vez los inc\u00f3modos ser\u00e1n los gobernadores que perdieron el domingo, que imaginaban otra relaci\u00f3n de fuerzas para esta fecha, pero que tienen como consuelo saber que no son los \u00fanicos: pr\u00e1cticamente todos los mandatarios provinciales fueron derrotados en las urnas.<\/p>\n\n\n\n<p>Las autoridades nacionales saben que los gobernadores tienen las llaves para manejar a los legisladores que Javier Milei necesitar\u00e1 para gobernar. Con ellos se hablar\u00e1 de las reformas de segunda generaci\u00f3n que el Gobierno considera imperativas: la laboral y la impositiva. La tercera pata de ese \u201ctri\u00e1ngulo de hierro\u201d \u2014la reforma previsional\u2014 quedar\u00eda para un eventual segundo mandato.<\/p>\n\n\n\n<p>El debate ser\u00e1 en sesiones extraordinarias, que se confirm\u00f3 se realizar\u00e1n este mismo a\u00f1o. No se conocen a\u00fan las fechas, pero s\u00ed que se trabajar\u00e1 en diciembre y muy probablemente en enero, para aprovechar el envi\u00f3n electoral. Antes que nada, la prioridad ser\u00e1 el Presupuesto 2026.<\/p>\n\n\n\n<p>Por el emplazamiento aprobado en la \u00faltima sesi\u00f3n de Diputados, el pr\u00f3ximo martes deber\u00eda haber dictamen. El Gobierno preferir\u00eda debatir el Presupuesto reci\u00e9n despu\u00e9s del 10 de diciembre, con la nueva conformaci\u00f3n de las c\u00e1maras, pero el emplazamiento fue taxativo.<\/p>\n\n\n\n<p>Lo explic\u00f3 Nicol\u00e1s Massot en el recinto: \u201cNosotros no tenemos ni idea de cu\u00e1l es la voluntad del Poder Ejecutivo \u2014tal vez ellos tampoco lo tengan decidido\u2014 respecto de la eventual convocatoria a sesiones extraordinarias. De manera que debemos manejarnos con el cronograma de sesiones ordinarias y prever que el Senado necesita m\u00ednimamente tres semanas completas. Durante el proceso de discusi\u00f3n del presupuesto aqu\u00ed, trataremos de coordinar con los senadores \u2014es algo dif\u00edcil, pero lo vamos a intentar\u2014 para que, si no hay convocatoria a extraordinarias, podamos aprovechar el cronograma actual y tener un presupuesto\u201d.<\/p>\n\n\n\n<p>Esa ser\u00e1 la primera presi\u00f3n que ejercer\u00e1 el Gobierno sobre los gobernadores: cambiar la fecha del dictamen para ganar tiempo de negociaci\u00f3n y llevar el debate a extraordinarias. Como la oposici\u00f3n tiene reparos en creer que el Gobierno efectivamente tratar\u00e1 la ley de leyes en ese per\u00edodo, se anticipar\u00e1 un gesto: la publicaci\u00f3n del temario de extraordinarias, incluyendo el Presupuesto 2026.<\/p>\n\n\n\n<p>As\u00ed las cosas, todo indica que el martes pr\u00f3ximo no habr\u00e1 dictamen y que el debate en el recinto ser\u00e1 con la nueva conformaci\u00f3n de las c\u00e1maras. Eso se confirmar\u00e1 en los pr\u00f3ximos d\u00edas.<\/p>\n","protected":false},"excerpt":{"rendered":"<p>extraordinarias Tras el inesperado triunfo electoral, el oficialismo acelera gestos de apertura y convoc\u00f3 para este jueves a una reuni\u00f3n con los mandatarios provinciales que considera aliados potenciales. La cita ser\u00e1 el primer paso para negociar reformas y garantizar gobernabilidad. Consciente de que el sorpresivo triunfo del \u00faltimo domingo le abri\u00f3 una nueva y definitiva [&hellip;]<\/p>\n","protected":false},"author":11,"featured_media":13724,"comment_status":"open","ping_status":"open","sticky":false,"template":"","format":"standard","meta":{"footnotes":""},"categories":[26],"tags":[],"class_list":{"0":"post-13723","1":"post","2":"type-post","3":"status-publish","4":"format-standard","5":"has-post-thumbnail","7":"category-nacionales"},"aioseo_notices":[],"_links":{"self":[{"href":"https:\/\/lalupa24.com.ar\/index.php\/wp-json\/wp\/v2\/posts\/13723","targetHints":{"allow":["GET"]}}],"collection":[{"href":"https:\/\/lalupa24.com.ar\/index.php\/wp-json\/wp\/v2\/posts"}],"about":[{"href":"https:\/\/lalupa24.com.ar\/index.php\/wp-json\/wp\/v2\/types\/post"}],"author":[{"embeddable":true,"href":"https:\/\/lalupa24.com.ar\/index.php\/wp-json\/wp\/v2\/users\/11"}],"replies":[{"embeddable":true,"href":"https:\/\/lalupa24.com.ar\/index.php\/wp-json\/wp\/v2\/comments?post=13723"}],"version-history":[{"count":1,"href":"https:\/\/lalupa24.com.ar\/index.php\/wp-json\/wp\/v2\/posts\/13723\/revisions"}],"predecessor-version":[{"id":13725,"href":"https:\/\/lalupa24.com.ar\/index.php\/wp-json\/wp\/v2\/posts\/13723\/revisions\/13725"}],"wp:featuredmedia":[{"embeddable":true,"href":"https:\/\/lalupa24.com.ar\/index.php\/wp-json\/wp\/v2\/media\/13724"}],"wp:attachment":[{"href":"https:\/\/lalupa24.com.ar\/index.php\/wp-json\/wp\/v2\/media?parent=13723"}],"wp:term":[{"taxonomy":"category","embeddable":true,"href":"https:\/\/lalupa24.com.ar\/index.php\/wp-json\/wp\/v2\/categories?post=13723"},{"taxonomy":"post_tag","embeddable":true,"href":"https:\/\/lalupa24.com.ar\/index.php\/wp-json\/wp\/v2\/tags?post=13723"}],"curies":[{"name":"wp","href":"https:\/\/api.w.org\/{rel}","templated":true}]}}