{"id":13729,"date":"2025-10-29T20:25:58","date_gmt":"2025-10-29T23:25:58","guid":{"rendered":"https:\/\/lalupa24.com.ar\/?p=13729"},"modified":"2025-10-29T20:25:59","modified_gmt":"2025-10-29T23:25:59","slug":"la-libertad-avanza-y-pro-cierran-interbloque-el-oficialismo-logra-primera-minoria-en-diputados","status":"publish","type":"post","link":"https:\/\/lalupa24.com.ar\/index.php\/2025\/10\/29\/la-libertad-avanza-y-pro-cierran-interbloque-el-oficialismo-logra-primera-minoria-en-diputados\/","title":{"rendered":"La Libertad Avanza y PRO cierran interbloque: el oficialismo logra primera minor\u00eda en Diputados"},"content":{"rendered":"\n<p>El interbloque oficialista le permitir\u00e1 recuperar el control de la C\u00e1mara de Diputados<\/p>\n\n\n\n<p>Las bancadas de La Libertad Avanza y el PRO avanzaban en la conformaci\u00f3n de un interbloque en la C\u00e1mara de Diputados que les permitir\u00e1 alcanzar la primera minor\u00eda, lo que le facilitar\u00e1 al oficialismo la sanci\u00f3n de las iniciativas estructurales que impulsa el Gobierno.<\/p>\n\n\n\n<p>Esa conjunci\u00f3n de bloques alcanzar\u00e1 115 diputados, de los cuales 81 son de la Libertad Avanza (LLA) y 24 del PRO, informaron fuentes parlamentarias a la Agencia Noticias Argentinas.<\/p>\n\n\n\n<p>Con ese n\u00famero el oficialismo mayor\u00eda en las comisiones y la presidencias de esos cuerpos parlamentarios, que son la llave para sancionar las leyes.<\/p>\n\n\n\n<p>El armado de ese interbloque comenz\u00f3 a dise\u00f1arse en un encuentro que mantuvieron hoy el presidente de la C\u00e1mara de Diputados, Martin Menem, y el jefe de la bancada del PRO, Cristian Ritondo.<\/p>\n\n\n\n<p>Fuentes parlamentarias indicaron que Ritondo se\u00f1al\u00f3 que no tiene intenci\u00f3n de ser presidente de la C\u00e1mara de Diputados, el cuerpo en el que se encamina a ser reelecto el riojano Menem.<\/p>\n\n\n\n<p>Ritondo est\u00e1 buscando contener a todos los diputados debido que hay un grupo de legisladores bullrichistas que buscaban armar otra bancada dentro del interbloque, bajo el impulso de Dami\u00e1n Arabia.<\/p>\n\n\n\n<p>Seg\u00fan esas fuentes, la ministra de Seguridad, Patricia Bullrich, est\u00e1 \u201cayudando\u201d a Ritondo para mantener unido a la bancada, que est\u00e1 conformada por una decena de legisladores encolumnados detr\u00e1s de la funcionaria y unos 14 que responden al presidente del PRO bonaerense.<\/p>\n\n\n\n<p>Sobre el rol que tendr\u00e1 el diputado reelecto Diego Santilli, se\u00f1alaron que solo ser\u00e1 legislador ya que quiere abocarse a recorrer la provincia en su meta de ser candidato a gobernador en 2027.<\/p>\n","protected":false},"excerpt":{"rendered":"<p>El interbloque oficialista le permitir\u00e1 recuperar el control de la C\u00e1mara de Diputados Las bancadas de La Libertad Avanza y el PRO avanzaban en la conformaci\u00f3n de un interbloque en la C\u00e1mara de Diputados que les permitir\u00e1 alcanzar la primera minor\u00eda, lo que le facilitar\u00e1 al oficialismo la sanci\u00f3n de las iniciativas estructurales que impulsa [&hellip;]<\/p>\n","protected":false},"author":11,"featured_media":13730,"comment_status":"open","ping_status":"open","sticky":false,"template":"","format":"standard","meta":{"footnotes":""},"categories":[26],"tags":[],"class_list":{"0":"post-13729","1":"post","2":"type-post","3":"status-publish","4":"format-standard","5":"has-post-thumbnail","7":"category-nacionales"},"aioseo_notices":[],"_links":{"self":[{"href":"https:\/\/lalupa24.com.ar\/index.php\/wp-json\/wp\/v2\/posts\/13729","targetHints":{"allow":["GET"]}}],"collection":[{"href":"https:\/\/lalupa24.com.ar\/index.php\/wp-json\/wp\/v2\/posts"}],"about":[{"href":"https:\/\/lalupa24.com.ar\/index.php\/wp-json\/wp\/v2\/types\/post"}],"author":[{"embeddable":true,"href":"https:\/\/lalupa24.com.ar\/index.php\/wp-json\/wp\/v2\/users\/11"}],"replies":[{"embeddable":true,"href":"https:\/\/lalupa24.com.ar\/index.php\/wp-json\/wp\/v2\/comments?post=13729"}],"version-history":[{"count":1,"href":"https:\/\/lalupa24.com.ar\/index.php\/wp-json\/wp\/v2\/posts\/13729\/revisions"}],"predecessor-version":[{"id":13731,"href":"https:\/\/lalupa24.com.ar\/index.php\/wp-json\/wp\/v2\/posts\/13729\/revisions\/13731"}],"wp:featuredmedia":[{"embeddable":true,"href":"https:\/\/lalupa24.com.ar\/index.php\/wp-json\/wp\/v2\/media\/13730"}],"wp:attachment":[{"href":"https:\/\/lalupa24.com.ar\/index.php\/wp-json\/wp\/v2\/media?parent=13729"}],"wp:term":[{"taxonomy":"category","embeddable":true,"href":"https:\/\/lalupa24.com.ar\/index.php\/wp-json\/wp\/v2\/categories?post=13729"},{"taxonomy":"post_tag","embeddable":true,"href":"https:\/\/lalupa24.com.ar\/index.php\/wp-json\/wp\/v2\/tags?post=13729"}],"curies":[{"name":"wp","href":"https:\/\/api.w.org\/{rel}","templated":true}]}}