{"id":13738,"date":"2025-10-30T09:21:28","date_gmt":"2025-10-30T12:21:28","guid":{"rendered":"https:\/\/lalupa24.com.ar\/?p=13738"},"modified":"2025-10-30T09:21:29","modified_gmt":"2025-10-30T12:21:29","slug":"macri-endurece-la-postura-antes-de-verse-con-milei-promete-candidato-presidencial-propio-para-2027","status":"publish","type":"post","link":"https:\/\/lalupa24.com.ar\/index.php\/2025\/10\/30\/macri-endurece-la-postura-antes-de-verse-con-milei-promete-candidato-presidencial-propio-para-2027\/","title":{"rendered":"MACRI ENDURECE LA POSTURA: ANTES DE VERSE CON MILEI, PROMETE CANDIDATO PRESIDENCIAL PROPIO PARA 2027"},"content":{"rendered":"\n<p>El expresidente Mauricio Macri inyect\u00f3 una dosis de incertidumbre en la coalici\u00f3n de centroderecha al anticipar que el PRO presentar\u00e1 un candidato propio en las elecciones presidenciales de 2027. La declaraci\u00f3n, realizada horas antes de un encuentro clave con el presidente Javier Milei, se interpreta como un claro movimiento de ajedrez pol\u00edtico que busca reafirmar la identidad y la autonom\u00eda del PRO frente a La Libertad Avanza (LLA), en medio de las negociaciones por el apoyo parlamentario y la integraci\u00f3n de funcionarios en el Gobierno. Este anuncio no solo complica la proyectada alianza a largo plazo, sino que tambi\u00e9n marca una distancia estrat\u00e9gica en un momento de fuerte tensi\u00f3n interna dentro del bloque opositor.<\/p>\n\n\n\n<p>La postura de Macri surge en un contexto donde el PRO ha cedido un importante caudal de apoyo legislativo y cuadros t\u00e9cnicos al Ejecutivo, con figuras clave ocupando puestos de relevancia. Si bien la base de la relaci\u00f3n entre ambos l\u00edderes se construy\u00f3 sobre un alineamiento ideol\u00f3gico y el respaldo a las reformas estructurales de Milei, el expresidente del PRO busca evitar la disoluci\u00f3n de su espacio dentro del fen\u00f3meno libertario. Fuentes cercanas a la dirigencia de Juntos por el Cambio (JxC) se\u00f1alan que la decisi\u00f3n es un intento de cohesionar al partido, que atraviesa un debate interno sobre el futuro de su identidad tras la derrota electoral.<\/p>\n\n\n\n<p>El anuncio de una candidatura propia en 2027 se convierte en un mensaje directo tanto a las &#8220;palomas&#8221; como a los &#8220;halcones&#8221; dentro del PRO, sugiriendo que el partido debe mantener una estructura diferenciada y una voz propia. Expertos en an\u00e1lisis pol\u00edtico ven en este movimiento un esfuerzo por capitalizar el descontento de parte del electorado de JxC que, si bien apoya las medidas econ\u00f3micas de Milei, recela de los m\u00e9todos o el estilo del actual gobierno. La promesa de un candidato propio es una herramienta para retener la militancia y el <em>establishment<\/em> partidario que teme la absorci\u00f3n total por parte de LLA.<\/p>\n\n\n\n<p>La reuni\u00f3n prevista con el Presidente Milei tiene ahora un condimento adicional. Aunque el temario formal incluye la coordinaci\u00f3n de acciones legislativas y la consolidaci\u00f3n de la alianza de gobernabilidad, la declaraci\u00f3n de Macri pone la lupa sobre el costo pol\u00edtico que el apoyo irrestricto al Gobierno implica para el PRO. El interrogante es si LLA, que ha crecido electoralmente a costa de la fragmentaci\u00f3n de los partidos tradicionales, aceptar\u00e1 esta convivencia con fecha de vencimiento o si la reafirmaci\u00f3n de la autonom\u00eda del PRO tensar\u00e1 a\u00fan m\u00e1s la relaci\u00f3n.<\/p>\n\n\n\n<p>Esta movida de Macri tambi\u00e9n afecta la din\u00e1mica interna de la oposici\u00f3n, especialmente al sector del radicalismo y la Coalici\u00f3n C\u00edvica que, aunque debilitados, mantienen una l\u00ednea de cr\u00edtica constructiva o distanciamiento con el oficialismo. La definici\u00f3n temprana de un horizonte electoral para el PRO los obliga a redefinir sus propias estrategias y alianzas en un panorama pol\u00edtico que se reconfigura constantemente. De esta manera, el expresidente busca posicionar al PRO no solo como un socio actual, sino como una alternativa futura capaz de suceder a Milei.<\/p>\n\n\n\n<p>En definitiva, el desaf\u00edo del PRO ser\u00e1 doble: por un lado, mantener la unidad interna y el peso pol\u00edtico dentro del esquema actual de poder sin ser fagocitado por el oficialismo; por el otro, construir una figura competitiva para dentro de dos a\u00f1os. El &#8220;candidato propio&#8221; es, por ahora, una ficha de negociaci\u00f3n y una declaraci\u00f3n de supervivencia pol\u00edtica que confirma que el mapa electoral de 2027 ya comenz\u00f3 a jugarse en la trastienda de la actual gesti\u00f3n.<\/p>\n\n\n\n<p><\/p>\n","protected":false},"excerpt":{"rendered":"<p>El expresidente Mauricio Macri inyect\u00f3 una dosis de incertidumbre en la coalici\u00f3n de centroderecha al anticipar que el PRO presentar\u00e1 un candidato propio en las elecciones presidenciales de 2027. La declaraci\u00f3n, realizada horas antes de un encuentro clave con el presidente Javier Milei, se interpreta como un claro movimiento de ajedrez pol\u00edtico que busca reafirmar [&hellip;]<\/p>\n","protected":false},"author":2,"featured_media":13740,"comment_status":"open","ping_status":"open","sticky":false,"template":"","format":"standard","meta":{"footnotes":""},"categories":[26],"tags":[],"class_list":{"0":"post-13738","1":"post","2":"type-post","3":"status-publish","4":"format-standard","5":"has-post-thumbnail","7":"category-nacionales"},"aioseo_notices":[],"_links":{"self":[{"href":"https:\/\/lalupa24.com.ar\/index.php\/wp-json\/wp\/v2\/posts\/13738","targetHints":{"allow":["GET"]}}],"collection":[{"href":"https:\/\/lalupa24.com.ar\/index.php\/wp-json\/wp\/v2\/posts"}],"about":[{"href":"https:\/\/lalupa24.com.ar\/index.php\/wp-json\/wp\/v2\/types\/post"}],"author":[{"embeddable":true,"href":"https:\/\/lalupa24.com.ar\/index.php\/wp-json\/wp\/v2\/users\/2"}],"replies":[{"embeddable":true,"href":"https:\/\/lalupa24.com.ar\/index.php\/wp-json\/wp\/v2\/comments?post=13738"}],"version-history":[{"count":1,"href":"https:\/\/lalupa24.com.ar\/index.php\/wp-json\/wp\/v2\/posts\/13738\/revisions"}],"predecessor-version":[{"id":13745,"href":"https:\/\/lalupa24.com.ar\/index.php\/wp-json\/wp\/v2\/posts\/13738\/revisions\/13745"}],"wp:featuredmedia":[{"embeddable":true,"href":"https:\/\/lalupa24.com.ar\/index.php\/wp-json\/wp\/v2\/media\/13740"}],"wp:attachment":[{"href":"https:\/\/lalupa24.com.ar\/index.php\/wp-json\/wp\/v2\/media?parent=13738"}],"wp:term":[{"taxonomy":"category","embeddable":true,"href":"https:\/\/lalupa24.com.ar\/index.php\/wp-json\/wp\/v2\/categories?post=13738"},{"taxonomy":"post_tag","embeddable":true,"href":"https:\/\/lalupa24.com.ar\/index.php\/wp-json\/wp\/v2\/tags?post=13738"}],"curies":[{"name":"wp","href":"https:\/\/api.w.org\/{rel}","templated":true}]}}