{"id":13746,"date":"2025-10-30T09:21:56","date_gmt":"2025-10-30T12:21:56","guid":{"rendered":"https:\/\/lalupa24.com.ar\/?p=13746"},"modified":"2025-10-30T09:21:57","modified_gmt":"2025-10-30T12:21:57","slug":"debate-laboral-sturzenegger-defiende-la-jornada-de-13-horas-frente-a-criticas-por-regresividad","status":"publish","type":"post","link":"https:\/\/lalupa24.com.ar\/index.php\/2025\/10\/30\/debate-laboral-sturzenegger-defiende-la-jornada-de-13-horas-frente-a-criticas-por-regresividad\/","title":{"rendered":"DEBATE LABORAL: STURZENEGGER DEFIENDE LA JORNADA DE 13 HORAS FRENTE A CR\u00cdTICAS POR REGRESIVIDAD"},"content":{"rendered":"\n<p>Federico Sturzenegger, arquitecto de las reformas estructurales del Gobierno y art\u00edfice de la desregulaci\u00f3n laboral incluida en el DNU 70\/2023, abord\u00f3 la controversia generada por la extensi\u00f3n de la jornada laboral a 13 horas en ciertas actividades, una de las cr\u00edticas m\u00e1s fuertes que ha recibido la legislaci\u00f3n por parte de los gremios y especialistas en derecho del trabajo. El funcionario defendi\u00f3 la medida argumentando que no se trata de una imposici\u00f3n, sino de una <strong>flexibilizaci\u00f3n negociada<\/strong> que busca aumentar la productividad y reducir el desempleo, desmintiendo que implique una regresi\u00f3n en los derechos de los trabajadores.<\/p>\n\n\n\n<p>La jornada laboral de hasta 13 horas, una de las modificaciones m\u00e1s audaces, no se aplica de manera generalizada, sino que est\u00e1 prevista para casos en los que el trabajador, tras un descanso adecuado, retome su actividad para totalizar un m\u00e1ximo de 57 horas semanales. Sturzenegger centr\u00f3 su defensa en el concepto de &#8220;acuerdo individual&#8221; o la negociaci\u00f3n colectiva, se\u00f1alando que la reforma ofrece herramientas para que empleadores y empleados pacten condiciones que se adapten mejor a las necesidades productivas y personales, en un marco de &#8220;mayor libertad contractual&#8221;.<\/p>\n\n\n\n<p>Sin embargo, el n\u00facleo de la cr\u00edtica sindical y de la oposici\u00f3n pol\u00edtica radica en que, en el contexto de la debilidad del mercado laboral y la alta informalidad, esta libertad contractual es a menudo una ilusi\u00f3n. Seg\u00fan especialistas en derecho laboral consultados, la posibilidad de pactar jornadas tan extensas, incluso con per\u00edodos de descanso intermedio, <strong>erosiona la protecci\u00f3n hist\u00f3rica<\/strong> del trabajador y podr\u00eda generar presiones indebidas para que los empleados acepten condiciones que, en la pr\u00e1ctica, limitan su tiempo de descanso y ocio. La preocupaci\u00f3n central es el impacto en la salud y la seguridad laboral.<\/p>\n\n\n\n<p>Desde el Ministerio de Trabajo se ha insistido en que la reforma busca modernizar la legislaci\u00f3n laboral argentina, que consideran obsoleta e inflexible. La justificaci\u00f3n t\u00e9cnica de Sturzenegger se basa en la necesidad de reducir el llamado &#8220;costo argentino&#8221; para atraer inversiones y formalizar el empleo. Seg\u00fan datos del Observatorio de la Deuda Social Argentina (ODSA), la tasa de empleo informal supera el 40%, un flagelo que el Gobierno busca combatir a trav\u00e9s de la desregulaci\u00f3n y la reducci\u00f3n de cargas impositivas a la contrataci\u00f3n.<\/p>\n\n\n\n<p>El debate excede el \u00e1mbito t\u00e9cnico-legal y se instala en el plano pol\u00edtico, ya que la reforma laboral es un pilar de la gesti\u00f3n actual y fue motivo de un paro general convocado por la CGT. Los sindicatos, que ven en las modificaciones una amenaza a los convenios colectivos hist\u00f3ricos, han judicializado la reforma. El argumento legal de los gremios sostiene que la desregulaci\u00f3n contraviene principios constitucionales de progresividad y no regresividad en materia de derechos sociales, por lo que el futuro de la jornada de 13 horas se definir\u00e1 en el \u00e1mbito judicial.<\/p>\n\n\n\n<p>El resultado de esta disputa legal y pol\u00edtica tendr\u00e1 consecuencias decisivas. Si la reforma es validada, podr\u00eda sentar un precedente para una flexibilizaci\u00f3n m\u00e1s profunda del mercado laboral; si es rechazada, representar\u00e1 un l\u00edmite infranqueable al modelo de desregulaci\u00f3n propuesto por el Gobierno. La promesa de mayor inversi\u00f3n y formalizaci\u00f3n laboral choca, por ahora, con la resistencia de los sectores que temen la precarizaci\u00f3n y la p\u00e9rdida de derechos conquistados a lo largo de d\u00e9cadas.<\/p>\n\n\n\n<p><\/p>\n","protected":false},"excerpt":{"rendered":"<p>Federico Sturzenegger, arquitecto de las reformas estructurales del Gobierno y art\u00edfice de la desregulaci\u00f3n laboral incluida en el DNU 70\/2023, abord\u00f3 la controversia generada por la extensi\u00f3n de la jornada laboral a 13 horas en ciertas actividades, una de las cr\u00edticas m\u00e1s fuertes que ha recibido la legislaci\u00f3n por parte de los gremios y especialistas [&hellip;]<\/p>\n","protected":false},"author":2,"featured_media":13741,"comment_status":"open","ping_status":"open","sticky":false,"template":"","format":"standard","meta":{"footnotes":""},"categories":[26],"tags":[],"class_list":{"0":"post-13746","1":"post","2":"type-post","3":"status-publish","4":"format-standard","5":"has-post-thumbnail","7":"category-nacionales"},"aioseo_notices":[],"_links":{"self":[{"href":"https:\/\/lalupa24.com.ar\/index.php\/wp-json\/wp\/v2\/posts\/13746","targetHints":{"allow":["GET"]}}],"collection":[{"href":"https:\/\/lalupa24.com.ar\/index.php\/wp-json\/wp\/v2\/posts"}],"about":[{"href":"https:\/\/lalupa24.com.ar\/index.php\/wp-json\/wp\/v2\/types\/post"}],"author":[{"embeddable":true,"href":"https:\/\/lalupa24.com.ar\/index.php\/wp-json\/wp\/v2\/users\/2"}],"replies":[{"embeddable":true,"href":"https:\/\/lalupa24.com.ar\/index.php\/wp-json\/wp\/v2\/comments?post=13746"}],"version-history":[{"count":1,"href":"https:\/\/lalupa24.com.ar\/index.php\/wp-json\/wp\/v2\/posts\/13746\/revisions"}],"predecessor-version":[{"id":13747,"href":"https:\/\/lalupa24.com.ar\/index.php\/wp-json\/wp\/v2\/posts\/13746\/revisions\/13747"}],"wp:featuredmedia":[{"embeddable":true,"href":"https:\/\/lalupa24.com.ar\/index.php\/wp-json\/wp\/v2\/media\/13741"}],"wp:attachment":[{"href":"https:\/\/lalupa24.com.ar\/index.php\/wp-json\/wp\/v2\/media?parent=13746"}],"wp:term":[{"taxonomy":"category","embeddable":true,"href":"https:\/\/lalupa24.com.ar\/index.php\/wp-json\/wp\/v2\/categories?post=13746"},{"taxonomy":"post_tag","embeddable":true,"href":"https:\/\/lalupa24.com.ar\/index.php\/wp-json\/wp\/v2\/tags?post=13746"}],"curies":[{"name":"wp","href":"https:\/\/api.w.org\/{rel}","templated":true}]}}