{"id":13750,"date":"2025-10-30T09:23:10","date_gmt":"2025-10-30T12:23:10","guid":{"rendered":"https:\/\/lalupa24.com.ar\/?p=13750"},"modified":"2025-10-30T09:23:11","modified_gmt":"2025-10-30T12:23:11","slug":"drama-y-acusacion-en-rio-degollaron-a-mi-hijo-el-crudo-relato-de-una-madre-tras-la-masacre-policial","status":"publish","type":"post","link":"https:\/\/lalupa24.com.ar\/index.php\/2025\/10\/30\/drama-y-acusacion-en-rio-degollaron-a-mi-hijo-el-crudo-relato-de-una-madre-tras-la-masacre-policial\/","title":{"rendered":"DRAMA Y ACUSACI\u00d3N EN R\u00cdO: \u201cDEGOLLARON A MI HIJO\u201d, EL CRUDO RELATO DE UNA MADRE TRAS LA MASACRE POLICIAL"},"content":{"rendered":"\n<p>El m\u00e1s reciente y letal operativo policial en las favelas de R\u00edo de Janeiro, que dej\u00f3 un saldo de m\u00e1s de 130 muertos, ha desatado una ola de denuncias sobre la brutalidad en la ejecuci\u00f3n de la ofensiva. La voz m\u00e1s desgarradora que emerge de la tragedia es la de Raquel Tomas, madre de <strong>Iago Ravel<\/strong>, un joven de 19 a\u00f1os hallado sin vida 24 horas despu\u00e9s de la incursi\u00f3n. Su crudo relato, en el que acusa a las fuerzas de seguridad de haber \u201cdegollado a mi hijo\u201d, pone en el ojo de la tormenta los m\u00e9todos de la polic\u00eda de \u00e9lite brasile\u00f1a y genera un esc\u00e1ndalo internacional que exige una investigaci\u00f3n inmediata.<\/p>\n\n\n\n<p>La masacre se produjo en el contexto de una operaci\u00f3n a gran escala contra la organizaci\u00f3n criminal Comando Vermelho (CV), que se hab\u00eda fortificado y se defend\u00eda con armamento de guerra. Sin embargo, el caso de Iago Ravel, cuyo cuerpo fue visto por periodistas con la cabeza separada del tronco y sin heridas de bala, sugiere un patr\u00f3n de violencia que va m\u00e1s all\u00e1 del enfrentamiento leg\u00edtimo. El padre del joven, Alex Rosado da Costa, ha responsabilizado directamente a agentes del <strong>Batall\u00f3n de Operaciones Policiales Especiales (BOPE)<\/strong>, la unidad de \u00e9lite de R\u00edo, de haber perpetrado una ejecuci\u00f3n extrajudicial.<\/p>\n\n\n\n<p>El relato de Raquel Tomas, que califica lo ocurrido como &#8220;una masacre&#8221;, refuerza las denuncias de organismos de derechos humanos sobre la desproporci\u00f3n y la falta de protocolos de intervenci\u00f3n en \u00e1reas urbanas densamente pobladas. La conmoci\u00f3n se extendi\u00f3 en las favelas, donde los vecinos, en un acto desesperado por la falta de respuesta oficial, trasladaron decenas de cuerpos de fallecidos a una plaza p\u00fablica para su identificaci\u00f3n, exponiendo ante la opini\u00f3n p\u00fablica nacional e internacional las condiciones en que fueron halladas las v\u00edctimas.<\/p>\n\n\n\n<p>La Oficina del Alto Comisionado de las Naciones Unidas para los Derechos Humanos ya se declar\u00f3 &#8220;horrorizada&#8221; por el operativo y exigi\u00f3 a las autoridades brasile\u00f1as &#8220;investigaciones r\u00e1pidas, imparciales y efectivas&#8221; sobre las circunstancias de cada muerte. La escalada de violencia en R\u00edo no es nueva: seg\u00fan informes, alrededor de 700 personas mueren anualmente en la regi\u00f3n en intervenciones de las fuerzas del orden, con una alta desproporci\u00f3n de v\u00edctimas afrodescendientes. Esta estad\u00edstica subraya la necesidad urgente de una <strong>reforma integral de los m\u00e9todos policiales<\/strong> en el pa\u00eds.<\/p>\n\n\n\n<p>El impacto social de esta masacre se ha sentido con fuerza. Adem\u00e1s de las p\u00e9rdidas humanas, el operativo paraliz\u00f3 la vida en al menos 46 escuelas municipales y varias universidades, e interrumpi\u00f3 el servicio de salud en cinco cl\u00ednicas. La situaci\u00f3n ha generado una crisis de seguridad y un ambiente de terror que se asemeja, seg\u00fan comentaron los propios vecinos, a los momentos m\u00e1s duros de la pandemia, con carreteras bloqueadas y el miedo paralizando la ciudad.<\/p>\n\n\n\n<p>El brutal relato de Raquel Tomas y la evidencia del cuerpo de su hijo Iago Ravel no solo exponen la dimensi\u00f3n m\u00e1s oscura de la &#8220;guerra a las drogas&#8221; en Brasil, sino que tambi\u00e9n fuerzan a las autoridades a enfrentar la cuesti\u00f3n de la impunidad y la rendici\u00f3n de cuentas. El caso Ravel se convierte en un s\u00edmbolo doloroso de las v\u00edctimas colaterales de una estrategia de seguridad que, para combatir al crimen organizado, parece haber ca\u00eddo en el uso de una violencia atroz, dejando una profunda herida en la sociedad y la credibilidad de las instituciones.<\/p>\n","protected":false},"excerpt":{"rendered":"<p>El m\u00e1s reciente y letal operativo policial en las favelas de R\u00edo de Janeiro, que dej\u00f3 un saldo de m\u00e1s de 130 muertos, ha desatado una ola de denuncias sobre la brutalidad en la ejecuci\u00f3n de la ofensiva. La voz m\u00e1s desgarradora que emerge de la tragedia es la de Raquel Tomas, madre de Iago [&hellip;]<\/p>\n","protected":false},"author":2,"featured_media":13743,"comment_status":"open","ping_status":"open","sticky":false,"template":"","format":"standard","meta":{"footnotes":""},"categories":[25],"tags":[],"class_list":{"0":"post-13750","1":"post","2":"type-post","3":"status-publish","4":"format-standard","5":"has-post-thumbnail","7":"category-internacionales"},"aioseo_notices":[],"_links":{"self":[{"href":"https:\/\/lalupa24.com.ar\/index.php\/wp-json\/wp\/v2\/posts\/13750","targetHints":{"allow":["GET"]}}],"collection":[{"href":"https:\/\/lalupa24.com.ar\/index.php\/wp-json\/wp\/v2\/posts"}],"about":[{"href":"https:\/\/lalupa24.com.ar\/index.php\/wp-json\/wp\/v2\/types\/post"}],"author":[{"embeddable":true,"href":"https:\/\/lalupa24.com.ar\/index.php\/wp-json\/wp\/v2\/users\/2"}],"replies":[{"embeddable":true,"href":"https:\/\/lalupa24.com.ar\/index.php\/wp-json\/wp\/v2\/comments?post=13750"}],"version-history":[{"count":1,"href":"https:\/\/lalupa24.com.ar\/index.php\/wp-json\/wp\/v2\/posts\/13750\/revisions"}],"predecessor-version":[{"id":13751,"href":"https:\/\/lalupa24.com.ar\/index.php\/wp-json\/wp\/v2\/posts\/13750\/revisions\/13751"}],"wp:featuredmedia":[{"embeddable":true,"href":"https:\/\/lalupa24.com.ar\/index.php\/wp-json\/wp\/v2\/media\/13743"}],"wp:attachment":[{"href":"https:\/\/lalupa24.com.ar\/index.php\/wp-json\/wp\/v2\/media?parent=13750"}],"wp:term":[{"taxonomy":"category","embeddable":true,"href":"https:\/\/lalupa24.com.ar\/index.php\/wp-json\/wp\/v2\/categories?post=13750"},{"taxonomy":"post_tag","embeddable":true,"href":"https:\/\/lalupa24.com.ar\/index.php\/wp-json\/wp\/v2\/tags?post=13750"}],"curies":[{"name":"wp","href":"https:\/\/api.w.org\/{rel}","templated":true}]}}