{"id":13754,"date":"2025-10-30T09:27:37","date_gmt":"2025-10-30T12:27:37","guid":{"rendered":"https:\/\/lalupa24.com.ar\/?p=13754"},"modified":"2025-10-30T09:27:38","modified_gmt":"2025-10-30T12:27:38","slug":"gesto-de-dialogo-el-gobierno-convoca-a-20-gobernadores-a-casa-rosada-en-busca-de-una-foto-de-consenso","status":"publish","type":"post","link":"https:\/\/lalupa24.com.ar\/index.php\/2025\/10\/30\/gesto-de-dialogo-el-gobierno-convoca-a-20-gobernadores-a-casa-rosada-en-busca-de-una-foto-de-consenso\/","title":{"rendered":"GESTO DE DI\u00c1LOGO: EL GOBIERNO CONVOCA A 20 GOBERNADORES A CASA ROSADA EN BUSCA DE UNA FOTO DE CONSENSO"},"content":{"rendered":"\n<p>El Gobierno Nacional ha extendido una invitaci\u00f3n a 20 gobernadores de diversas extracciones pol\u00edticas para asistir a un encuentro con el presidente Javier Milei en Casa Rosada. La convocatoria, de alto impacto institucional, busca consolidar una imagen de &#8220;dialoguismo&#8221; y gobernabilidad amplia, esencial para la aprobaci\u00f3n de las reformas estructurales que impulsa el Ejecutivo en el Congreso. Este movimiento estrat\u00e9gico ocurre en un momento crucial, donde el oficialismo necesita asegurarse los apoyos provinciales necesarios para destrabar proyectos legislativos fundamentales y coordinar las pol\u00edticas de ajuste fiscal que impactan directamente en las cuentas de las provincias.<\/p>\n\n\n\n<p>La agenda formal del encuentro incluye la revisi\u00f3n de la coparticipaci\u00f3n federal y la coordinaci\u00f3n de esfuerzos para reducir el d\u00e9ficit fiscal, compromisos adquiridos tras la serie de encuentros bilaterales que el Gobierno sostuvo con mandatarios provinciales. No obstante, la verdadera intenci\u00f3n del llamado es pol\u00edtica: obtener una fotograf\u00eda de unidad que neutralice la narrativa de aislamiento pol\u00edtico que la oposici\u00f3n intenta imponer sobre la administraci\u00f3n actual. La presencia de 20 l\u00edderes provinciales, incluyendo figuras del peronismo y el radicalismo, enviar\u00eda un fuerte mensaje al mercado y a los actores internacionales sobre la capacidad del Gobierno para construir puentes.<\/p>\n\n\n\n<h3 class=\"wp-block-heading\">Tensi\u00f3n en las Cuentas Federales<\/h3>\n\n\n\n<p>La relaci\u00f3n Naci\u00f3n-Provincias ha estado marcada por la tensi\u00f3n generada por el recorte de transferencias discrecionales y la exigencia de austeridad fiscal a nivel subnacional. De acuerdo con un informe de la consultora <em>Econ\u00f3mica y Regiones<\/em>, la ca\u00edda en las transferencias no autom\u00e1ticas durante el \u00faltimo trimestre impact\u00f3 de forma desigual, afectando especialmente a las provincias con menor capacidad de generaci\u00f3n de recursos propios. Por ello, la reuni\u00f3n servir\u00e1 tambi\u00e9n como un espacio para que los gobernadores expongan sus urgencias econ\u00f3micas y negocien las contrapartidas necesarias para asegurar la paz social y la estabilidad en sus distritos.<\/p>\n\n\n\n<p>El oficialismo espera que el respaldo de este n\u00famero significativo de gobernadores se traduzca en un apoyo directo de sus legisladores en el Congreso. La &#8220;Ley Bases&#8221; y otras normativas clave que reforman el esquema econ\u00f3mico nacional dependen de la capacidad del Gobierno para tejer acuerdos con los bloques provinciales. Fuentes parlamentarias se\u00f1alan que la sinton\u00eda entre los Ejecutivos provinciales y la Casa Rosada es la llave para superar la resistencia de los bloques m\u00e1s duros del peronismo K y de la izquierda.<\/p>\n\n\n\n<p>La respuesta de los gobernadores peronistas ser\u00e1 la m\u00e1s observada. Si bien hist\u00f3ricamente el peronismo ha mostrado una fuerte cohesi\u00f3n en el Congreso, la actual dispersi\u00f3n de liderazgos y la necesidad de financiamiento de sus provincias los colocan en una posici\u00f3n negociadora compleja. Aquellos que decidan asistir priorizar\u00e1n la pragm\u00e1tica necesidad de di\u00e1logo institucional y recursos por sobre las directivas de los sectores m\u00e1s intransigentes del justicialismo.<\/p>\n\n\n\n<p>La b\u00fasqueda de esta &#8220;foto amplia&#8221; por parte del Gobierno no solo tiene un efecto interno, sino que tambi\u00e9n es fundamental para la credibilidad de su programa econ\u00f3mico ante los organismos de cr\u00e9dito internacionales. Mostrar que existe un consenso federal m\u00ednimo sobre la direcci\u00f3n de la pol\u00edtica econ\u00f3mica es una se\u00f1al de estabilidad a largo plazo. En definitiva, la cumbre en Casa Rosada se configura como un term\u00f3metro pol\u00edtico crucial que definir\u00e1 la velocidad y profundidad con la que el Gobierno podr\u00e1 avanzar en su agenda de reformas.<\/p>\n","protected":false},"excerpt":{"rendered":"<p>El Gobierno Nacional ha extendido una invitaci\u00f3n a 20 gobernadores de diversas extracciones pol\u00edticas para asistir a un encuentro con el presidente Javier Milei en Casa Rosada. La convocatoria, de alto impacto institucional, busca consolidar una imagen de &#8220;dialoguismo&#8221; y gobernabilidad amplia, esencial para la aprobaci\u00f3n de las reformas estructurales que impulsa el Ejecutivo en [&hellip;]<\/p>\n","protected":false},"author":2,"featured_media":13755,"comment_status":"open","ping_status":"open","sticky":false,"template":"","format":"standard","meta":{"footnotes":""},"categories":[26],"tags":[],"class_list":{"0":"post-13754","1":"post","2":"type-post","3":"status-publish","4":"format-standard","5":"has-post-thumbnail","7":"category-nacionales"},"aioseo_notices":[],"_links":{"self":[{"href":"https:\/\/lalupa24.com.ar\/index.php\/wp-json\/wp\/v2\/posts\/13754","targetHints":{"allow":["GET"]}}],"collection":[{"href":"https:\/\/lalupa24.com.ar\/index.php\/wp-json\/wp\/v2\/posts"}],"about":[{"href":"https:\/\/lalupa24.com.ar\/index.php\/wp-json\/wp\/v2\/types\/post"}],"author":[{"embeddable":true,"href":"https:\/\/lalupa24.com.ar\/index.php\/wp-json\/wp\/v2\/users\/2"}],"replies":[{"embeddable":true,"href":"https:\/\/lalupa24.com.ar\/index.php\/wp-json\/wp\/v2\/comments?post=13754"}],"version-history":[{"count":1,"href":"https:\/\/lalupa24.com.ar\/index.php\/wp-json\/wp\/v2\/posts\/13754\/revisions"}],"predecessor-version":[{"id":13761,"href":"https:\/\/lalupa24.com.ar\/index.php\/wp-json\/wp\/v2\/posts\/13754\/revisions\/13761"}],"wp:featuredmedia":[{"embeddable":true,"href":"https:\/\/lalupa24.com.ar\/index.php\/wp-json\/wp\/v2\/media\/13755"}],"wp:attachment":[{"href":"https:\/\/lalupa24.com.ar\/index.php\/wp-json\/wp\/v2\/media?parent=13754"}],"wp:term":[{"taxonomy":"category","embeddable":true,"href":"https:\/\/lalupa24.com.ar\/index.php\/wp-json\/wp\/v2\/categories?post=13754"},{"taxonomy":"post_tag","embeddable":true,"href":"https:\/\/lalupa24.com.ar\/index.php\/wp-json\/wp\/v2\/tags?post=13754"}],"curies":[{"name":"wp","href":"https:\/\/api.w.org\/{rel}","templated":true}]}}