{"id":13762,"date":"2025-10-30T09:28:30","date_gmt":"2025-10-30T12:28:30","guid":{"rendered":"https:\/\/lalupa24.com.ar\/?p=13762"},"modified":"2025-10-30T09:28:31","modified_gmt":"2025-10-30T12:28:31","slug":"posderrota-en-el-pj-acusaciones-cruzadas-y-debilitamiento-del-liderazgo-de-cristina-kirchner","status":"publish","type":"post","link":"https:\/\/lalupa24.com.ar\/index.php\/2025\/10\/30\/posderrota-en-el-pj-acusaciones-cruzadas-y-debilitamiento-del-liderazgo-de-cristina-kirchner\/","title":{"rendered":"POSDERROTA EN EL PJ: ACUSACIONES CRUZADAS Y DEBILITAMIENTO DEL LIDERAZGO DE CRISTINA KIRCHNER"},"content":{"rendered":"\n<p>La reciente derrota electoral del peronismo ha abierto m\u00faltiples focos de conflicto dentro del Partido Justicialista (PJ) y sus estructuras aliadas, con un creciente n\u00famero de dirigentes y figuras hist\u00f3ricas alzando la voz para cuestionar la estrategia y el liderazgo ejercido por la expresidenta Cristina Kirchner. La autocr\u00edtica, largamente evitada por temor a la fractura, ahora se manifiesta p\u00fablicamente, evidenciando una profunda crisis de identidad y una lucha de poder interna que amenaza la cohesi\u00f3n del principal bloque opositor.<\/p>\n\n\n\n<p>El eje central de la disputa radica en el manejo del proceso electoral y, particularmente, en la influencia que la expresidenta mantuvo en la selecci\u00f3n de candidaturas y la l\u00ednea discursiva, percibida como excesivamente confrontativa y alejada de las demandas de la clase media y el voto joven. Dirigentes territoriales, que sufrieron derrotas en sus distritos, se\u00f1alan que el &#8220;modelo de conducci\u00f3n vertical&#8221; ya no es sostenible en el nuevo panorama pol\u00edtico dominado por fuerzas emergentes.<\/p>\n\n\n\n<h3 class=\"wp-block-heading\">Cuestionamiento al Modelo de Conducci\u00f3n<\/h3>\n\n\n\n<p>El principal argumento de los cr\u00edticos es que la centralidad de la figura de Kirchner impidi\u00f3 la emergencia de nuevos liderazgos con mayor anclaje territorial y capacidad de di\u00e1logo con sectores <em>no K<\/em>. De acuerdo a analistas pol\u00edticos del Centro de Estudios para la Nueva Mayor\u00eda (CEPNM), el peronismo ha quedado hu\u00e9rfano de una propuesta econ\u00f3mica cre\u00edble para el futuro y se ha replegado en la defensa de logros pasados, un mensaje que no fue efectivo para captar a un electorado que prioriza el cambio y la estabilidad macroecon\u00f3mica.<\/p>\n\n\n\n<p>Las acusaciones no solo provienen de los sectores m\u00e1s moderados, sino tambi\u00e9n de figuras del sindicalismo y de gobernadores que, si bien se mantuvieron alineados, ahora reclaman mayor autonom\u00eda. Esta rebeli\u00f3n interna es crucial, ya que impacta directamente en la capacidad del peronismo de ejercer una oposici\u00f3n unificada y efectiva en el Congreso. La fractura podr\u00eda traducirse en fugas de legisladores hacia bloques provinciales o en la incapacidad de bloquear iniciativas clave del oficialismo.<\/p>\n\n\n\n<p>La expresidenta, por su parte, mantiene un silencio estrat\u00e9gico, observando c\u00f3mo se reconfigura el mapa interno. No obstante, su c\u00edrculo \u00edntimo ha salido a defender su rol, atribuyendo la derrota a factores macroecon\u00f3micos y a la desorganizaci\u00f3n de los aliados. Este intercambio de culpas es sintom\u00e1tico de la falta de un liderazgo unificador capaz de pilotar la transici\u00f3n del peronismo hacia un rol de oposici\u00f3n constructiva, o al menos, cohesionada.<\/p>\n\n\n\n<p>La crisis del PJ tiene serias implicancias para la gobernabilidad a nivel nacional. Un peronismo fragmentado y sin un liderazgo claro pierde fuerza como contrapeso institucional, lo que podr\u00eda otorgarle al Gobierno una ventana de oportunidad para acelerar sus reformas m\u00e1s pol\u00e9micas. El desaf\u00edo del justicialismo ser\u00e1 lograr una <strong>&#8220;unidad de concepci\u00f3n&#8221;<\/strong> para 2027, algo que hoy parece un horizonte lejano, dominado por los personalismos y la recriminaci\u00f3n mutua.<\/p>\n","protected":false},"excerpt":{"rendered":"<p>La reciente derrota electoral del peronismo ha abierto m\u00faltiples focos de conflicto dentro del Partido Justicialista (PJ) y sus estructuras aliadas, con un creciente n\u00famero de dirigentes y figuras hist\u00f3ricas alzando la voz para cuestionar la estrategia y el liderazgo ejercido por la expresidenta Cristina Kirchner. La autocr\u00edtica, largamente evitada por temor a la fractura, [&hellip;]<\/p>\n","protected":false},"author":2,"featured_media":13756,"comment_status":"open","ping_status":"open","sticky":false,"template":"","format":"standard","meta":{"footnotes":""},"categories":[26],"tags":[],"class_list":{"0":"post-13762","1":"post","2":"type-post","3":"status-publish","4":"format-standard","5":"has-post-thumbnail","7":"category-nacionales"},"aioseo_notices":[],"_links":{"self":[{"href":"https:\/\/lalupa24.com.ar\/index.php\/wp-json\/wp\/v2\/posts\/13762","targetHints":{"allow":["GET"]}}],"collection":[{"href":"https:\/\/lalupa24.com.ar\/index.php\/wp-json\/wp\/v2\/posts"}],"about":[{"href":"https:\/\/lalupa24.com.ar\/index.php\/wp-json\/wp\/v2\/types\/post"}],"author":[{"embeddable":true,"href":"https:\/\/lalupa24.com.ar\/index.php\/wp-json\/wp\/v2\/users\/2"}],"replies":[{"embeddable":true,"href":"https:\/\/lalupa24.com.ar\/index.php\/wp-json\/wp\/v2\/comments?post=13762"}],"version-history":[{"count":1,"href":"https:\/\/lalupa24.com.ar\/index.php\/wp-json\/wp\/v2\/posts\/13762\/revisions"}],"predecessor-version":[{"id":13763,"href":"https:\/\/lalupa24.com.ar\/index.php\/wp-json\/wp\/v2\/posts\/13762\/revisions\/13763"}],"wp:featuredmedia":[{"embeddable":true,"href":"https:\/\/lalupa24.com.ar\/index.php\/wp-json\/wp\/v2\/media\/13756"}],"wp:attachment":[{"href":"https:\/\/lalupa24.com.ar\/index.php\/wp-json\/wp\/v2\/media?parent=13762"}],"wp:term":[{"taxonomy":"category","embeddable":true,"href":"https:\/\/lalupa24.com.ar\/index.php\/wp-json\/wp\/v2\/categories?post=13762"},{"taxonomy":"post_tag","embeddable":true,"href":"https:\/\/lalupa24.com.ar\/index.php\/wp-json\/wp\/v2\/tags?post=13762"}],"curies":[{"name":"wp","href":"https:\/\/api.w.org\/{rel}","templated":true}]}}