{"id":13764,"date":"2025-10-30T09:29:28","date_gmt":"2025-10-30T12:29:28","guid":{"rendered":"https:\/\/lalupa24.com.ar\/?p=13764"},"modified":"2025-10-30T09:29:29","modified_gmt":"2025-10-30T12:29:29","slug":"alarma-macroeconomica-la-inflacion-acelera-en-octubre-y-el-precio-de-los-alimentos-podria-llevarla-al-25","status":"publish","type":"post","link":"https:\/\/lalupa24.com.ar\/index.php\/2025\/10\/30\/alarma-macroeconomica-la-inflacion-acelera-en-octubre-y-el-precio-de-los-alimentos-podria-llevarla-al-25\/","title":{"rendered":"ALARMA MACROECON\u00d3MICA: LA INFLACI\u00d3N ACELERA EN OCTUBRE Y EL PRECIO DE LOS ALIMENTOS PODR\u00cdA LLEVARLA AL 25%"},"content":{"rendered":"\n<p>Los datos preliminares de inflaci\u00f3n correspondientes al mes de octubre se\u00f1alan una preocupante aceleraci\u00f3n en el \u00edndice de precios al consumidor (IPC), con proyecciones que la ubican en un rango cercano al 25%. Este salto inflacionario, impulsado principalmente por el impacto de la suba de los alimentos y las correcciones en precios regulados, representa un duro golpe al plan de estabilizaci\u00f3n del Gobierno y genera una seria alarma en los segmentos de menores ingresos.<\/p>\n\n\n\n<p>La principal variable detr\u00e1s de esta aceleraci\u00f3n es el rubro de <strong>Alimentos y Bebidas<\/strong>, que registra incrementos de dos d\u00edgitos en la primera quincena del mes. Seg\u00fan analistas de la consultora <em>C&amp;T Asesores Econ\u00f3micos<\/em>, la combinaci\u00f3n de la inercia devaluatoria, el repunte estacional de algunos productos frescos y la recomposici\u00f3n de m\u00e1rgenes de las empresas de consumo masivo explican la escalada. Este fen\u00f3meno es especialmente sensible, ya que el precio de los alimentos tiene un peso desproporcionado en la canasta de consumo de los sectores vulnerables.<\/p>\n\n\n\n<h3 class=\"wp-block-heading\">Presi\u00f3n de Precios Regulados<\/h3>\n\n\n\n<p>A la din\u00e1mica alcista de los alimentos se sum\u00f3 la prevista correcci\u00f3n de precios regulados, incluyendo aumentos en tarifas de servicios p\u00fablicos y combustibles. Si bien estas subas son necesarias para reducir los subsidios y sanear las cuentas fiscales, su implementaci\u00f3n gradual genera un efecto de <strong>inflaci\u00f3n <em>de arrastre<\/em><\/strong> que se sentir\u00e1 en los pr\u00f3ximos meses. El desaf\u00edo del Banco Central (BCRA) es evitar que esta inyecci\u00f3n de liquidez y recomposici\u00f3n de tarifas se traduzca en una espiral de indexaci\u00f3n salarial y de precios generalizada.<\/p>\n\n\n\n<p>De acuerdo a economistas de la Fundaci\u00f3n de Investigaciones Econ\u00f3micas Latinoamericanas (FIEL), la cifra proyectada del 25% para octubre pondr\u00eda en jaque la meta no oficial del Gobierno de contener la inflaci\u00f3n mensual por debajo del 20%. Esto obligar\u00e1 al equipo econ\u00f3mico a revisar su estrategia de pol\u00edtica monetaria y cambiaria, que hasta ahora se basaba en la acumulaci\u00f3n de reservas y en un anclaje fiscal r\u00edgido. La volatilidad cambiaria reciente tambi\u00e9n ejerce una presi\u00f3n adicional sobre los costos de producci\u00f3n importados.<\/p>\n\n\n\n<p>Las implicancias sociales de una inflaci\u00f3n tan alta son directas y severas. El fuerte impacto en los alimentos lic\u00faa el poder adquisitivo de los salarios, las jubilaciones y los programas sociales, revirtiendo cualquier mejora nominal que se haya logrado. Los indicadores de pobreza e indigencia, que hab\u00edan mostrado una leve tendencia a la baja en el \u00faltimo reporte, corren el riesgo de deteriorarse significativamente, poniendo en riesgo la estabilidad social.<\/p>\n\n\n\n<p>En conclusi\u00f3n, la aceleraci\u00f3n de la inflaci\u00f3n en octubre obliga al Gobierno a intensificar sus esfuerzos de comunicaci\u00f3n y gesti\u00f3n. M\u00e1s all\u00e1 del ajuste fiscal, se requerir\u00e1 una coordinaci\u00f3n m\u00e1s fina de las pol\u00edticas de ingresos y una vigilancia estricta sobre los precios de la canasta b\u00e1sica. El desaf\u00edo inmediato del BCRA ser\u00e1 utilizar las herramientas de pol\u00edtica monetaria con precisi\u00f3n para evitar que la inercia del 25% de octubre se consolide como un nuevo piso inflacionario para el cierre del a\u00f1o.<\/p>\n","protected":false},"excerpt":{"rendered":"<p>Los datos preliminares de inflaci\u00f3n correspondientes al mes de octubre se\u00f1alan una preocupante aceleraci\u00f3n en el \u00edndice de precios al consumidor (IPC), con proyecciones que la ubican en un rango cercano al 25%. Este salto inflacionario, impulsado principalmente por el impacto de la suba de los alimentos y las correcciones en precios regulados, representa un [&hellip;]<\/p>\n","protected":false},"author":2,"featured_media":13760,"comment_status":"open","ping_status":"open","sticky":false,"template":"","format":"standard","meta":{"footnotes":""},"categories":[24],"tags":[],"class_list":{"0":"post-13764","1":"post","2":"type-post","3":"status-publish","4":"format-standard","5":"has-post-thumbnail","7":"category-economia"},"aioseo_notices":[],"_links":{"self":[{"href":"https:\/\/lalupa24.com.ar\/index.php\/wp-json\/wp\/v2\/posts\/13764","targetHints":{"allow":["GET"]}}],"collection":[{"href":"https:\/\/lalupa24.com.ar\/index.php\/wp-json\/wp\/v2\/posts"}],"about":[{"href":"https:\/\/lalupa24.com.ar\/index.php\/wp-json\/wp\/v2\/types\/post"}],"author":[{"embeddable":true,"href":"https:\/\/lalupa24.com.ar\/index.php\/wp-json\/wp\/v2\/users\/2"}],"replies":[{"embeddable":true,"href":"https:\/\/lalupa24.com.ar\/index.php\/wp-json\/wp\/v2\/comments?post=13764"}],"version-history":[{"count":1,"href":"https:\/\/lalupa24.com.ar\/index.php\/wp-json\/wp\/v2\/posts\/13764\/revisions"}],"predecessor-version":[{"id":13765,"href":"https:\/\/lalupa24.com.ar\/index.php\/wp-json\/wp\/v2\/posts\/13764\/revisions\/13765"}],"wp:featuredmedia":[{"embeddable":true,"href":"https:\/\/lalupa24.com.ar\/index.php\/wp-json\/wp\/v2\/media\/13760"}],"wp:attachment":[{"href":"https:\/\/lalupa24.com.ar\/index.php\/wp-json\/wp\/v2\/media?parent=13764"}],"wp:term":[{"taxonomy":"category","embeddable":true,"href":"https:\/\/lalupa24.com.ar\/index.php\/wp-json\/wp\/v2\/categories?post=13764"},{"taxonomy":"post_tag","embeddable":true,"href":"https:\/\/lalupa24.com.ar\/index.php\/wp-json\/wp\/v2\/tags?post=13764"}],"curies":[{"name":"wp","href":"https:\/\/api.w.org\/{rel}","templated":true}]}}