{"id":13772,"date":"2025-10-30T11:00:32","date_gmt":"2025-10-30T14:00:32","guid":{"rendered":"https:\/\/lalupa24.com.ar\/?p=13772"},"modified":"2025-10-30T11:00:33","modified_gmt":"2025-10-30T14:00:33","slug":"javier-milei-recibe-a-mauricio-macri-en-olivos-en-medio-de-la-reformulacion-del-gabinete","status":"publish","type":"post","link":"https:\/\/lalupa24.com.ar\/index.php\/2025\/10\/30\/javier-milei-recibe-a-mauricio-macri-en-olivos-en-medio-de-la-reformulacion-del-gabinete\/","title":{"rendered":"Javier Milei recibe a Mauricio Macri en Olivos en medio de la reformulaci\u00f3n del Gabinete"},"content":{"rendered":"\n<p>El Presidente se reencontrar\u00e1 con el exmandatario, quien expondr\u00e1 su visi\u00f3n del Gobierno y propondr\u00e1 alternativas.<\/p>\n\n\n\n<p>El presidente Javier Milei recibir\u00e1 el pr\u00f3ximo viernes al mediod\u00eda al exmandatario Mauricio Macri, en medio de los cambios de Gabinete que aspira a instrumentar y como parte de la b\u00fasqueda de consensos que le permitan impulsar las reformas de segunda generaci\u00f3n.<\/p>\n\n\n\n<p>Seg\u00fan supo la agencia Noticias Argentinas, el encuentro tendr\u00e1 lugar en la quinta de Olivos, y se dar\u00e1 el d\u00eda despu\u00e9s del primer contacto del libertario con un grupo de 20 gobernadores aliados que visitar\u00e1n esta tarde la Casa Rosada.<\/p>\n\n\n\n<p>La primera aproximaci\u00f3n con los mandatarios provinciales fue cerrada por el jefe de Gabinete, Guillermo Francos, hombre clave en el restablecimiento del v\u00ednculo con el titular del PRO, y el ministro del Interior, Lisandro Catal\u00e1n. Francos y Catal\u00e1n son los dos funcionarios m\u00e1s apuntados apuntados de todo el equipo para dejar su cargo a partir del 10 de diciembre.<\/p>\n\n\n\n<p>Sin embargo, se muestran activos, y el pasado martes, luego de reunirse con el armador del Interior, Eduardo \u201cLule\u201d Menem, y el titular de la C\u00e1mara de Diputados, Mart\u00edn Menem, oficializaron el llamado a los representantes de las provincias. Esta tarde, escoltar\u00e1n al Presidente junto al ministro de Econom\u00eda, Luis Caputo.<\/p>\n\n\n\n<p>Por su parte, el propio Mauricio Macri confirm\u00f3 la reedici\u00f3n de los encuentros y anticip\u00f3 algunos puntos del temarios que estila ser abierto. \u201cMe invit\u00f3 a comer algunas milanesas, vamos a hablar, \u00e9l acept\u00f3 a que vaya y le diga lo que pienso\u201d, cont\u00f3 el pasado mi\u00e9rcoles, desde Chile, durante el discurso que brind\u00f3 en el seminario \u201cPuentes, dialogar para construir\u201d, organizado por la firma BICE Coarp.<\/p>\n\n\n\n<p>Asimismo, marc\u00f3 las claves del mensaje que repetir\u00e1 el viernes ante el mandatario y la secretaria general de la Presidencia, Karina Milei: &#8220;Hace falta m\u00e1s m\u00fasculo en la gesti\u00f3n y en el di\u00e1logo.&nbsp; (Milei) tiene que recuperar niveles de confianza en base a equipos, negociaci\u00f3n, m\u00fasculo, claridad y \u00e9l lo ha expresado\u201d.<\/p>\n\n\n\n<p>\u201cEl d\u00eda que gan\u00f3 fue un discurso mucho mejor, pero hay que ver cuando pasemos a la implementaci\u00f3n\u201d, se pregunt\u00f3, y a\u00f1adi\u00f3: \u201cMe gustar\u00eda que no grite m\u00e1s, que dialogue m\u00e1s, que incluya m\u00e1s gente\u201d.<\/p>\n\n\n\n<p>El pasado lunes, luego de intercambiar elogios por redes sociales, Milei llam\u00f3 a Macri y le agradeci\u00f3 por la reuni\u00f3n que mantuvieron en la previa a los comicios tambi\u00e9n en Olivos antes del cambio de candidato bonaerense. El contacto telef\u00f3nico dur\u00f3 10 minutos y estuvo te\u00f1ido por felicitaciones y agradecimientos el d\u00eda despu\u00e9s de la elecci\u00f3n legislativa.<\/p>\n\n\n\n<p>Desde principios de agosto, Macri y Milei protagonizan una serie de gui\u00f1os, algo espaciados, luego de que el fundador del PRO acordara con la menor de los Milei competir en alianza en la Ciudad de Buenos Aires.<\/p>\n","protected":false},"excerpt":{"rendered":"<p>El Presidente se reencontrar\u00e1 con el exmandatario, quien expondr\u00e1 su visi\u00f3n del Gobierno y propondr\u00e1 alternativas. El presidente Javier Milei recibir\u00e1 el pr\u00f3ximo viernes al mediod\u00eda al exmandatario Mauricio Macri, en medio de los cambios de Gabinete que aspira a instrumentar y como parte de la b\u00fasqueda de consensos que le permitan impulsar las reformas [&hellip;]<\/p>\n","protected":false},"author":11,"featured_media":13773,"comment_status":"open","ping_status":"open","sticky":false,"template":"","format":"standard","meta":{"footnotes":""},"categories":[26],"tags":[],"class_list":{"0":"post-13772","1":"post","2":"type-post","3":"status-publish","4":"format-standard","5":"has-post-thumbnail","7":"category-nacionales"},"aioseo_notices":[],"_links":{"self":[{"href":"https:\/\/lalupa24.com.ar\/index.php\/wp-json\/wp\/v2\/posts\/13772","targetHints":{"allow":["GET"]}}],"collection":[{"href":"https:\/\/lalupa24.com.ar\/index.php\/wp-json\/wp\/v2\/posts"}],"about":[{"href":"https:\/\/lalupa24.com.ar\/index.php\/wp-json\/wp\/v2\/types\/post"}],"author":[{"embeddable":true,"href":"https:\/\/lalupa24.com.ar\/index.php\/wp-json\/wp\/v2\/users\/11"}],"replies":[{"embeddable":true,"href":"https:\/\/lalupa24.com.ar\/index.php\/wp-json\/wp\/v2\/comments?post=13772"}],"version-history":[{"count":1,"href":"https:\/\/lalupa24.com.ar\/index.php\/wp-json\/wp\/v2\/posts\/13772\/revisions"}],"predecessor-version":[{"id":13774,"href":"https:\/\/lalupa24.com.ar\/index.php\/wp-json\/wp\/v2\/posts\/13772\/revisions\/13774"}],"wp:featuredmedia":[{"embeddable":true,"href":"https:\/\/lalupa24.com.ar\/index.php\/wp-json\/wp\/v2\/media\/13773"}],"wp:attachment":[{"href":"https:\/\/lalupa24.com.ar\/index.php\/wp-json\/wp\/v2\/media?parent=13772"}],"wp:term":[{"taxonomy":"category","embeddable":true,"href":"https:\/\/lalupa24.com.ar\/index.php\/wp-json\/wp\/v2\/categories?post=13772"},{"taxonomy":"post_tag","embeddable":true,"href":"https:\/\/lalupa24.com.ar\/index.php\/wp-json\/wp\/v2\/tags?post=13772"}],"curies":[{"name":"wp","href":"https:\/\/api.w.org\/{rel}","templated":true}]}}