{"id":13785,"date":"2025-10-30T12:53:34","date_gmt":"2025-10-30T15:53:34","guid":{"rendered":"https:\/\/lalupa24.com.ar\/?p=13785"},"modified":"2025-10-30T12:53:35","modified_gmt":"2025-10-30T15:53:35","slug":"solo-cuatro-gobernadores-no-asistiran-a-la-reunion-convocada-por-el-gobierno-en-casa-rosada","status":"publish","type":"post","link":"https:\/\/lalupa24.com.ar\/index.php\/2025\/10\/30\/solo-cuatro-gobernadores-no-asistiran-a-la-reunion-convocada-por-el-gobierno-en-casa-rosada\/","title":{"rendered":"Solo cuatro gobernadores no asistir\u00e1n a la reuni\u00f3n convocada por el Gobierno en Casa Rosada"},"content":{"rendered":"\n<p>Se trata de mandatarios provinciales ligados a la ex presidenta Cristina Kirchner<\/p>\n\n\n\n<p>El Gobierno nacional convoc\u00f3 para hoy a las 17 a gobernadores &#8220;dialoguistas&#8221;, que en total ser\u00e1n 20, y dej\u00f3 fuera de la convocatoria a otros cuatro mandatarios provinciales, entre ellos, Axel Kicillof, de Buenos Aires.<\/p>\n\n\n\n<p>En declaraciones televisivas, el jefe de Gabinete, Guillermo Francos, explic\u00f3 las razones: &#8220;El Presidente lo dijo, porque \u00e9l quiere conversar con todos, menos con aquellos que tienen ideas totalmente diferentes a las nuestras y Kicillof ha cuestionado todo del Gobierno&#8221;.<\/p>\n\n\n\n<p>&#8220;No vale la pena convocar a quien no est\u00e1 dispuesto a analizar seriamente el momento que vive Argentina. No vamos a obtener consenso. Quiz\u00e1s otra reuni\u00f3n con \u00e9l pueda darse en otro momento sobre alg\u00fan tema concreto de la Provincia. Eso lo digo como jefe de Gabinete&#8221;, reflexion\u00f3 Francos.<\/p>\n\n\n\n<p>Completa la lista de gobernadores que no asistir\u00e1n otros tres peronistas, ligados a Cristina Kirchner: Gustavo Melella, de Tierra del Fuego; Gildo Insfr\u00e1n, de Formosa; y Ricardo Quintela, de La Rioja. La sorpresa de la asistencia la dio el gobernador de La Pampa, Sergio Ziliotto.<\/p>\n","protected":false},"excerpt":{"rendered":"<p>Se trata de mandatarios provinciales ligados a la ex presidenta Cristina Kirchner El Gobierno nacional convoc\u00f3 para hoy a las 17 a gobernadores &#8220;dialoguistas&#8221;, que en total ser\u00e1n 20, y dej\u00f3 fuera de la convocatoria a otros cuatro mandatarios provinciales, entre ellos, Axel Kicillof, de Buenos Aires. En declaraciones televisivas, el jefe de Gabinete, Guillermo [&hellip;]<\/p>\n","protected":false},"author":11,"featured_media":13786,"comment_status":"open","ping_status":"open","sticky":false,"template":"","format":"standard","meta":{"footnotes":""},"categories":[26],"tags":[],"class_list":{"0":"post-13785","1":"post","2":"type-post","3":"status-publish","4":"format-standard","5":"has-post-thumbnail","7":"category-nacionales"},"aioseo_notices":[],"_links":{"self":[{"href":"https:\/\/lalupa24.com.ar\/index.php\/wp-json\/wp\/v2\/posts\/13785","targetHints":{"allow":["GET"]}}],"collection":[{"href":"https:\/\/lalupa24.com.ar\/index.php\/wp-json\/wp\/v2\/posts"}],"about":[{"href":"https:\/\/lalupa24.com.ar\/index.php\/wp-json\/wp\/v2\/types\/post"}],"author":[{"embeddable":true,"href":"https:\/\/lalupa24.com.ar\/index.php\/wp-json\/wp\/v2\/users\/11"}],"replies":[{"embeddable":true,"href":"https:\/\/lalupa24.com.ar\/index.php\/wp-json\/wp\/v2\/comments?post=13785"}],"version-history":[{"count":1,"href":"https:\/\/lalupa24.com.ar\/index.php\/wp-json\/wp\/v2\/posts\/13785\/revisions"}],"predecessor-version":[{"id":13787,"href":"https:\/\/lalupa24.com.ar\/index.php\/wp-json\/wp\/v2\/posts\/13785\/revisions\/13787"}],"wp:featuredmedia":[{"embeddable":true,"href":"https:\/\/lalupa24.com.ar\/index.php\/wp-json\/wp\/v2\/media\/13786"}],"wp:attachment":[{"href":"https:\/\/lalupa24.com.ar\/index.php\/wp-json\/wp\/v2\/media?parent=13785"}],"wp:term":[{"taxonomy":"category","embeddable":true,"href":"https:\/\/lalupa24.com.ar\/index.php\/wp-json\/wp\/v2\/categories?post=13785"},{"taxonomy":"post_tag","embeddable":true,"href":"https:\/\/lalupa24.com.ar\/index.php\/wp-json\/wp\/v2\/tags?post=13785"}],"curies":[{"name":"wp","href":"https:\/\/api.w.org\/{rel}","templated":true}]}}