{"id":13791,"date":"2025-10-30T18:56:45","date_gmt":"2025-10-30T21:56:45","guid":{"rendered":"https:\/\/lalupa24.com.ar\/?p=13791"},"modified":"2025-10-30T18:56:46","modified_gmt":"2025-10-30T21:56:46","slug":"gran-bretana-andres-sera-despojado-de-su-titulo-de-principe-y-abandonara-su-residencia","status":"publish","type":"post","link":"https:\/\/lalupa24.com.ar\/index.php\/2025\/10\/30\/gran-bretana-andres-sera-despojado-de-su-titulo-de-principe-y-abandonara-su-residencia\/","title":{"rendered":"Gran Breta\u00f1a: Andr\u00e9s ser\u00e1 despojado de su t\u00edtulo de pr\u00edncipe y abandonar\u00e1 su residencia"},"content":{"rendered":"\n<p>Es por sus v\u00ednculos con Jeffrey Epstein<\/p>\n\n\n\n<p>El pr\u00edncipe Andr\u00e9s ser\u00e1 despojado de sus t\u00edtulos y deber\u00e1 abandonar la residencia Royal Lodge, en Windsor,&nbsp; seg\u00fan inform\u00f3 el Palacio de Buckingham y reflejaron la BBC y The Guardian, a ra\u00edz de las acusaciones que lo vinculan con el fallecido financista estadounidense y delincuente sexual Jeffrey Epstein.<\/p>\n\n\n\n<p>El rey Carlos III inici\u00f3 un proceso formal para retirar el tratamiento, los t\u00edtulos y las distinciones del pr\u00edncipe Andr\u00e9s, quien ahora se llamar\u00e1 Andr\u00e9s Mountbatten-Windsor, seg\u00fan inform\u00f3 el palacio. Andr\u00e9s, de 65 a\u00f1os, no se opuso al proceso.<\/p>\n\n\n\n<p>Los v\u00ednculos de Andr\u00e9s con el pederasta y financista Jeffrey Epstein siguen generando controversia. Si bien \u00e9l niega las acusaciones, el Palacio de Buckingham considera que ha habido \u201cgraves errores de juicio\u201d.<\/p>\n\n\n\n<p>Andr\u00e9s deber\u00e1 abandonar su residencia en Royal Lodge, en Windsor, tras haber recibido una notificaci\u00f3n formal para rescindir el contrato de arrendamiento, seg\u00fan la notificaci\u00f3n oficial.<\/p>\n\n\n\n<p>\u201cSe le ha notificado formalmente la rescisi\u00f3n del contrato de arrendamiento y deber\u00e1 trasladarse a un alojamiento privado alternativo. Estas censuras se consideran necesarias, a pesar de que \u00e9l contin\u00faa negando las acusaciones en su contra. Sus Majestades desean dejar claro que sus pensamientos y su m\u00e1s sentido p\u00e9same han estado, y seguir\u00e1n estando, con las v\u00edctimas y supervivientes de cualquier forma de abuso\u201d, especifica la nota del Palacio de Windsor.<\/p>\n\n\n\n<p>Seg\u00fan inform\u00f3 la BBC, Andr\u00e9s se mudar\u00e1 a una propiedad en la finca privada de Sandringham en Norfolk, que ser\u00e1 financiada privadamente por su hermano, el rey.<\/p>\n\n\n\n<p>Su ex esposa, Sarah Ferguson, tambi\u00e9n se mudar\u00e1 de Royal Lodge y resolver\u00e1 sus propios asuntos de vivienda.<\/p>\n\n\n\n<p>El traslado se realizar\u00e1 tan pronto como sea posible y, seg\u00fan se entiende, Andrew recibir\u00e1 una provisi\u00f3n privada adecuada del rey, mientras que cualquier otra fuente de ingresos ser\u00e1 asunto del ex duque de York.<\/p>\n\n\n\n<p>El rey Carlos III cont\u00f3 con el apoyo del pr\u00edncipe de Gales, Guillermo, en la decisi\u00f3n. Factores privados, incluido el bienestar social, han sido fundamentales en las deliberaciones para tomar esta medida, seg\u00fan The Guardian.<\/p>\n\n\n\n<p>El l\u00edder de los liberaldem\u00f3cratas, Ed Davey , declar\u00f3: \u201cEl rey tiene toda la raz\u00f3n al despojar al pr\u00edncipe Andr\u00e9s tanto de sus t\u00edtulos como de su residencia en el Royal Lodge. Es evidente que la posici\u00f3n de Andr\u00e9s se hab\u00eda vuelto totalmente insostenible, tras haber deshonrado su cargo y avergonzado al pa\u00eds.<\/p>\n\n\n\n<p>\u201cEste es un paso importante para reconstruir la confianza en nuestras instituciones y poner fin a toda esta lamentable saga\u201d, dijo.<\/p>\n\n\n\n<p>Andr\u00e9s hab\u00eda anunciado el 17 de octubre que renunciaba a sus t\u00edtulos nobiliarios, incluido el de duque de York, pero no a su condici\u00f3n de pr\u00edncipe, a ra\u00edz de las acusaciones que lo vinculan con Epstein, el difunto financiero neoyorquino condenado por delitos sexuales que involucraban a menores.<\/p>\n\n\n\n<p>\u201cHemos concluido que las continuas acusaciones contra m\u00ed distraen del trabajo de Su Majestad y la Familia Real. He decidido, como siempre, priorizar mi deber hacia mi familia y mi pa\u00eds. Mantengo mi decisi\u00f3n de hace cinco a\u00f1os de retirarme de la vida p\u00fablica\u201d, dijo Andr\u00e9s en un comunicado difundido en esa ocasi\u00f3n<\/p>\n\n\n\n<p>\u201cPor ende, dejar\u00e9 de usar los t\u00edtulos y honores que se me han conferido. Como lo he dicho anteriormente, de manera tajante niego las acusaciones en mi contra\u201d.<\/p>\n","protected":false},"excerpt":{"rendered":"<p>Es por sus v\u00ednculos con Jeffrey Epstein El pr\u00edncipe Andr\u00e9s ser\u00e1 despojado de sus t\u00edtulos y deber\u00e1 abandonar la residencia Royal Lodge, en Windsor,&nbsp; seg\u00fan inform\u00f3 el Palacio de Buckingham y reflejaron la BBC y The Guardian, a ra\u00edz de las acusaciones que lo vinculan con el fallecido financista estadounidense y delincuente sexual Jeffrey Epstein. [&hellip;]<\/p>\n","protected":false},"author":11,"featured_media":13792,"comment_status":"open","ping_status":"open","sticky":false,"template":"","format":"standard","meta":{"footnotes":""},"categories":[25],"tags":[],"class_list":{"0":"post-13791","1":"post","2":"type-post","3":"status-publish","4":"format-standard","5":"has-post-thumbnail","7":"category-internacionales"},"aioseo_notices":[],"_links":{"self":[{"href":"https:\/\/lalupa24.com.ar\/index.php\/wp-json\/wp\/v2\/posts\/13791","targetHints":{"allow":["GET"]}}],"collection":[{"href":"https:\/\/lalupa24.com.ar\/index.php\/wp-json\/wp\/v2\/posts"}],"about":[{"href":"https:\/\/lalupa24.com.ar\/index.php\/wp-json\/wp\/v2\/types\/post"}],"author":[{"embeddable":true,"href":"https:\/\/lalupa24.com.ar\/index.php\/wp-json\/wp\/v2\/users\/11"}],"replies":[{"embeddable":true,"href":"https:\/\/lalupa24.com.ar\/index.php\/wp-json\/wp\/v2\/comments?post=13791"}],"version-history":[{"count":1,"href":"https:\/\/lalupa24.com.ar\/index.php\/wp-json\/wp\/v2\/posts\/13791\/revisions"}],"predecessor-version":[{"id":13793,"href":"https:\/\/lalupa24.com.ar\/index.php\/wp-json\/wp\/v2\/posts\/13791\/revisions\/13793"}],"wp:featuredmedia":[{"embeddable":true,"href":"https:\/\/lalupa24.com.ar\/index.php\/wp-json\/wp\/v2\/media\/13792"}],"wp:attachment":[{"href":"https:\/\/lalupa24.com.ar\/index.php\/wp-json\/wp\/v2\/media?parent=13791"}],"wp:term":[{"taxonomy":"category","embeddable":true,"href":"https:\/\/lalupa24.com.ar\/index.php\/wp-json\/wp\/v2\/categories?post=13791"},{"taxonomy":"post_tag","embeddable":true,"href":"https:\/\/lalupa24.com.ar\/index.php\/wp-json\/wp\/v2\/tags?post=13791"}],"curies":[{"name":"wp","href":"https:\/\/api.w.org\/{rel}","templated":true}]}}