{"id":13794,"date":"2025-10-30T19:03:24","date_gmt":"2025-10-30T22:03:24","guid":{"rendered":"https:\/\/lalupa24.com.ar\/?p=13794"},"modified":"2025-10-30T19:03:24","modified_gmt":"2025-10-30T22:03:24","slug":"vidal-pide-un-pro-fuerte-como-alternativa-a-milei-en-2027","status":"publish","type":"post","link":"https:\/\/lalupa24.com.ar\/index.php\/2025\/10\/30\/vidal-pide-un-pro-fuerte-como-alternativa-a-milei-en-2027\/","title":{"rendered":"Vidal pide un PRO fuerte como alternativa a Milei en 2027"},"content":{"rendered":"\n<p>La diputada nacional Mar\u00eda Eugenia Vidal afirm\u00f3 que el PRO debe consolidarse como una fuerza \u201cfuerte e independiente\u201d frente a La Libertad Avanza. En un video, destac\u00f3 el rol del partido como garante del cambio y llam\u00f3 a construir una oposici\u00f3n racional y profesional que genere confianza para atraer inversiones.<\/p>\n\n\n\n<p>La diputada nacional Mar\u00eda Eugenia Vidal (Pro) asegur\u00f3 que su partido debe convertirse en \u201cuna alternativa fuerte e independiente\u201d de cara a las elecciones presidenciales de 2027. En un mensaje difundido por redes sociales, la ex gobernadora bonaerense sostuvo que \u201cla fortaleza y la estabilidad de un pa\u00eds dependen del tipo de oposici\u00f3n que tenga\u201d.<\/p>\n\n\n\n<p>\u201cNecesitamos saber que La Libertad Avanza tiene alternativa, que no es el \u00fanico camino, y que esa alternativa es racional, seria y profesional\u201d, expres\u00f3 Vidal, y agreg\u00f3 que esa construcci\u00f3n \u201cno debe poner en juego el esfuerzo que millones de argentinos hicieron\u201d.<\/p>\n\n\n\n<p>La legisladora destac\u00f3 que desde la asunci\u00f3n de Javier Milei, el Pro \u201cfue garante del cambio\u201d y que en el Congreso \u201cacompa\u00f1\u00f3 sin especular cada una de las reformas que estaban bien para la Argentina\u201d, como la Ley Bases.<\/p>\n\n\n\n<p>Vidal advirti\u00f3 que \u201cdespu\u00e9s de tantos a\u00f1os de fracaso en la Argentina, no alcanza con hacer las cosas bien: importa que cuando el que gobierna no siga, el que venga tambi\u00e9n haga lo correcto. Y eso todav\u00eda no lo logramos\u201d.<\/p>\n\n\n\n<p>En ese sentido, remarc\u00f3 que \u201caun con la diferencia que el Presidente sac\u00f3 en esta elecci\u00f3n, la segunda fuerza del pa\u00eds sigue siendo el kirchnerismo\u201d, lo que, seg\u00fan dijo, desalienta inversiones tanto locales como extranjeras.<\/p>\n\n\n\n<p>\u201cMientras el kirchnerismo sea la alternativa, va a ser muy dif\u00edcil que muchos decidan invertir, por m\u00e1s cambios que hagamos\u201d, insisti\u00f3.<\/p>\n\n\n\n<p>Vidal anticip\u00f3 que su propuesta ser\u00e1 parte del debate interno del Pro en las pr\u00f3ximas semanas. Tambi\u00e9n se refiri\u00f3 a las elecciones del domingo, que le generaron \u201calivio\u201d por la estabilidad pol\u00edtica, pero \u201ctristeza\u201d por la escasa presencia de boletas del Pro en gran parte del pa\u00eds.<\/p>\n\n\n\n<p>Finalmente, pidi\u00f3 al presidente Milei que \u201cse abra al di\u00e1logo\u201d, que \u201cconfirme un rumbo de cambio y haga las reformas pendientes\u201d, y que \u201cconvoque a los mejores a su Gobierno, sin importar de qu\u00e9 partido sean\u201d.<\/p>\n","protected":false},"excerpt":{"rendered":"<p>La diputada nacional Mar\u00eda Eugenia Vidal afirm\u00f3 que el PRO debe consolidarse como una fuerza \u201cfuerte e independiente\u201d frente a La Libertad Avanza. En un video, destac\u00f3 el rol del partido como garante del cambio y llam\u00f3 a construir una oposici\u00f3n racional y profesional que genere confianza para atraer inversiones. La diputada nacional Mar\u00eda Eugenia [&hellip;]<\/p>\n","protected":false},"author":11,"featured_media":13795,"comment_status":"open","ping_status":"open","sticky":false,"template":"","format":"standard","meta":{"footnotes":""},"categories":[26],"tags":[],"class_list":{"0":"post-13794","1":"post","2":"type-post","3":"status-publish","4":"format-standard","5":"has-post-thumbnail","7":"category-nacionales"},"aioseo_notices":[],"_links":{"self":[{"href":"https:\/\/lalupa24.com.ar\/index.php\/wp-json\/wp\/v2\/posts\/13794","targetHints":{"allow":["GET"]}}],"collection":[{"href":"https:\/\/lalupa24.com.ar\/index.php\/wp-json\/wp\/v2\/posts"}],"about":[{"href":"https:\/\/lalupa24.com.ar\/index.php\/wp-json\/wp\/v2\/types\/post"}],"author":[{"embeddable":true,"href":"https:\/\/lalupa24.com.ar\/index.php\/wp-json\/wp\/v2\/users\/11"}],"replies":[{"embeddable":true,"href":"https:\/\/lalupa24.com.ar\/index.php\/wp-json\/wp\/v2\/comments?post=13794"}],"version-history":[{"count":1,"href":"https:\/\/lalupa24.com.ar\/index.php\/wp-json\/wp\/v2\/posts\/13794\/revisions"}],"predecessor-version":[{"id":13796,"href":"https:\/\/lalupa24.com.ar\/index.php\/wp-json\/wp\/v2\/posts\/13794\/revisions\/13796"}],"wp:featuredmedia":[{"embeddable":true,"href":"https:\/\/lalupa24.com.ar\/index.php\/wp-json\/wp\/v2\/media\/13795"}],"wp:attachment":[{"href":"https:\/\/lalupa24.com.ar\/index.php\/wp-json\/wp\/v2\/media?parent=13794"}],"wp:term":[{"taxonomy":"category","embeddable":true,"href":"https:\/\/lalupa24.com.ar\/index.php\/wp-json\/wp\/v2\/categories?post=13794"},{"taxonomy":"post_tag","embeddable":true,"href":"https:\/\/lalupa24.com.ar\/index.php\/wp-json\/wp\/v2\/tags?post=13794"}],"curies":[{"name":"wp","href":"https:\/\/api.w.org\/{rel}","templated":true}]}}