{"id":13797,"date":"2025-10-30T19:08:40","date_gmt":"2025-10-30T22:08:40","guid":{"rendered":"https:\/\/lalupa24.com.ar\/?p=13797"},"modified":"2025-10-30T19:08:41","modified_gmt":"2025-10-30T22:08:41","slug":"expo-brangus-y-brahman-el-gobernador-zdero-ratifico-el-acompanamiento-al-campo-es-el-motor-del-chaco-y-de-la-argentina","status":"publish","type":"post","link":"https:\/\/lalupa24.com.ar\/index.php\/2025\/10\/30\/expo-brangus-y-brahman-el-gobernador-zdero-ratifico-el-acompanamiento-al-campo-es-el-motor-del-chaco-y-de-la-argentina\/","title":{"rendered":"Expo Brangus y Brahman: el gobernador Zdero ratific\u00f3 el acompa\u00f1amiento al campo \u201ces el motor del chaco y de la argentina\u201d"},"content":{"rendered":"\n<p>El gobernador particip\u00f3 de la 4\u00b0 Expo Primavera Brangus y la 1\u00b0 Expo Primavera Brahman, donde destac\u00f3 el rol fundamental del sector ganadero en el desarrollo productivo provincial. La exposici\u00f3n incluye muestras, juras y remates, y constituye una de las mayores concentraciones ganaderas del norte argentino, con la participaci\u00f3n de 52 caba\u00f1as (17 de la raza Brahman y 35 de Brangus) que exhiben 290 animales. Adem\u00e1s, cuenta con 25 stands industriales y comerciales, y la presencia de 50 empresas vinculadas al sector ganadero.<\/p>\n\n\n\n<p>El primer mandatario provincial junto al ministro de Producci\u00f3n y el Desarrollo Econ\u00f3mico Sostenible, Oscar Dudik, acompa\u00f1\u00f3 en General San Mart\u00edn la 4\u00b0 Edici\u00f3n de la Expo Primavera Brangus y la 1\u00b0 Edici\u00f3n de la Expo Primavera Brahman, que se realizan en la Sociedad Rural \u201cEl Zapallar\u201d y se extender\u00e1n hasta el 31 de octubre.<\/p>\n\n\n\n<p>Durante el encuentro, el mandatario ratific\u00f3 el compromiso del Gobierno Provincial con el campo. \u201cEstamos decididos a acompa\u00f1ar al sector, porque el campo es el motor de nuestro Chaco y de la Argentina\u201d, expres\u00f3.<\/p>\n\n\n\n<p>Zdero, quien estuvo acompa\u00f1ado tambi\u00e9n por el intendente local Mauro Leiva y subsecretarios del Ministerio de la Producci\u00f3n, destac\u00f3 que el respaldo a este tipo de eventos refleja \u201cel inter\u00e9s del Gobierno del Chaco hacia el sector productivo y el reconocimiento al esfuerzo de todos los caba\u00f1eros, que demuestran c\u00f3mo el campo argentino, a\u00fan en momentos dif\u00edciles, se pone de pie\u201d.<\/p>\n\n\n\n<p>Asimismo, subray\u00f3 que el Gobierno continuar\u00e1 impulsando pol\u00edticas que fortalezcan la producci\u00f3n y la competitividad del sector. \u201cCreemos que si le va bien al campo, le va bien al Chaco y al pa\u00eds. Por eso trabajamos en la reducci\u00f3n de impuestos, como la al\u00edcuota ganadera e ingresos brutos, para favorecer a quienes generan empleo y desarrollo\u201d, asegur\u00f3 el gobernador, agregando que \u201choy m\u00e1s que nunca, debemos apostar a la Argentina grande\u201d.<\/p>\n\n\n\n<p>Una exposici\u00f3n que potencia la producci\u00f3n chaque\u00f1a<\/p>\n\n\n\n<p>A trav\u00e9s del Ministerio de Producci\u00f3n y el Desarrollo Econ\u00f3mico Sostenible, el Gobierno del Chaco acompa\u00f1a esta muestra que re\u00fane a productores, caba\u00f1eros y expositores de todo el pa\u00eds, reafirmando su compromiso con quienes impulsan el trabajo y la inversi\u00f3n en la provincia.<\/p>\n\n\n\n<p>Por su parte, el presidente de la Sociedad Rural \u201cEl Zapallar\u201d, Claudio Farana, agradeci\u00f3 el acompa\u00f1amiento del Gobierno Provincial y destac\u00f3 el compromiso de las asociaciones de Brangus y Brahman, as\u00ed como el esfuerzo de los productores. \u201cEste encuentro refleja el trabajo, la pasi\u00f3n y la uni\u00f3n del campo, pilares fundamentales para el desarrollo productivo de la regi\u00f3n\u201d, afirm\u00f3.<\/p>\n\n\n\n<p>En tanto, el gerente general de la Asociaci\u00f3n Brangus Argentina, Manuel Mateo, valor\u00f3 la presencia de las autoridades provinciales. \u201cEs un honor que nos acompa\u00f1en el gobernador y el ministro; el esfuerzo de los caba\u00f1eros y de todo el staff es enorme y auguramos excelentes jornadas por delante\u201d, se\u00f1al\u00f3.<\/p>\n\n\n\n<p>Por \u00faltimo, el presidente de la Asociaci\u00f3n Brahman, Miguel Pibernus, destac\u00f3 que \u201ceste es el camino a seguir: trabajar juntos, generar sinergia y reunir productores en un mismo lugar. Para nosotros, como chaque\u00f1os, tener dos exposiciones tipo A en la provincia es muy positivo\u201d.<\/p>\n","protected":false},"excerpt":{"rendered":"<p>El gobernador particip\u00f3 de la 4\u00b0 Expo Primavera Brangus y la 1\u00b0 Expo Primavera Brahman, donde destac\u00f3 el rol fundamental del sector ganadero en el desarrollo productivo provincial. La exposici\u00f3n incluye muestras, juras y remates, y constituye una de las mayores concentraciones ganaderas del norte argentino, con la participaci\u00f3n de 52 caba\u00f1as (17 de la [&hellip;]<\/p>\n","protected":false},"author":11,"featured_media":13798,"comment_status":"open","ping_status":"open","sticky":false,"template":"","format":"standard","meta":{"footnotes":""},"categories":[28],"tags":[],"class_list":{"0":"post-13797","1":"post","2":"type-post","3":"status-publish","4":"format-standard","5":"has-post-thumbnail","7":"category-locales"},"aioseo_notices":[],"_links":{"self":[{"href":"https:\/\/lalupa24.com.ar\/index.php\/wp-json\/wp\/v2\/posts\/13797","targetHints":{"allow":["GET"]}}],"collection":[{"href":"https:\/\/lalupa24.com.ar\/index.php\/wp-json\/wp\/v2\/posts"}],"about":[{"href":"https:\/\/lalupa24.com.ar\/index.php\/wp-json\/wp\/v2\/types\/post"}],"author":[{"embeddable":true,"href":"https:\/\/lalupa24.com.ar\/index.php\/wp-json\/wp\/v2\/users\/11"}],"replies":[{"embeddable":true,"href":"https:\/\/lalupa24.com.ar\/index.php\/wp-json\/wp\/v2\/comments?post=13797"}],"version-history":[{"count":1,"href":"https:\/\/lalupa24.com.ar\/index.php\/wp-json\/wp\/v2\/posts\/13797\/revisions"}],"predecessor-version":[{"id":13799,"href":"https:\/\/lalupa24.com.ar\/index.php\/wp-json\/wp\/v2\/posts\/13797\/revisions\/13799"}],"wp:featuredmedia":[{"embeddable":true,"href":"https:\/\/lalupa24.com.ar\/index.php\/wp-json\/wp\/v2\/media\/13798"}],"wp:attachment":[{"href":"https:\/\/lalupa24.com.ar\/index.php\/wp-json\/wp\/v2\/media?parent=13797"}],"wp:term":[{"taxonomy":"category","embeddable":true,"href":"https:\/\/lalupa24.com.ar\/index.php\/wp-json\/wp\/v2\/categories?post=13797"},{"taxonomy":"post_tag","embeddable":true,"href":"https:\/\/lalupa24.com.ar\/index.php\/wp-json\/wp\/v2\/tags?post=13797"}],"curies":[{"name":"wp","href":"https:\/\/api.w.org\/{rel}","templated":true}]}}