{"id":13800,"date":"2025-10-30T19:26:41","date_gmt":"2025-10-30T22:26:41","guid":{"rendered":"https:\/\/lalupa24.com.ar\/?p=13800"},"modified":"2025-10-30T19:26:41","modified_gmt":"2025-10-30T22:26:41","slug":"resistencia-sera-sede-de-la-primera-bienal-tecnologica-del-chaco","status":"publish","type":"post","link":"https:\/\/lalupa24.com.ar\/index.php\/2025\/10\/30\/resistencia-sera-sede-de-la-primera-bienal-tecnologica-del-chaco\/","title":{"rendered":"Resistencia ser\u00e1 sede de la primera bienal tecnol\u00f3gica del chaco"},"content":{"rendered":"\n<p>La Bienal Tecnol\u00f3gica es un proyecto impulsado por la Fundaci\u00f3n Vuela Alto y cuenta con el acompa\u00f1amiento de Fundaci\u00f3n Soy Chaco, Loter\u00eda Chaque\u00f1a y otras \u00e1reas del Gobierno provincial. Esta acci\u00f3n representa el primer paso para que los j\u00f3venes dise\u00f1en su propio merchandising e indumentaria oficial, fortaleciendo su identidad y sentido de pertenencia.<\/p>\n\n\n\n<p>El evento se realizar\u00e1 del 14 al 16 de noviembre en el Domo del Centenario y reunir\u00e1 innovaci\u00f3n, educaci\u00f3n, cultura y entretenimiento. La ciudad de Resistencia ser\u00e1 escenario de la primera Bienal Tecnol\u00f3gica del Chaco, un evento que busca integrar educaci\u00f3n, innovaci\u00f3n, cultura y recreaci\u00f3n, y que se desarrollar\u00e1 del 14 al 16 de noviembre en el Domo del Centenario.<\/p>\n\n\n\n<p>Desde la Fundaci\u00f3n Soy Chaco destacaron la importancia de acompa\u00f1ar iniciativas que promuevan la creatividad y la innovaci\u00f3n. \u201cNos alegra poder colaborar con la entrega de remeras al equipo organizador porque este espacio reunir\u00e1 a estudiantes, docentes, empresarios, emprendedores y apasionados por la tecnolog\u00eda, y que sigue creciendo gracias al compromiso de todos\u201d, expres\u00f3 su titular, Mar\u00eda Martina.<\/p>\n\n\n\n<p>La Bienal Tecnol\u00f3gica del Chaco reunir\u00e1 a escuelas t\u00e9cnicas, universidades, emprendedores y empresas que presentar\u00e1n proyectos y desarrollos tecnol\u00f3gicos de toda la regi\u00f3n. Ser\u00e1 un espacio para mostrar el talento joven, impulsar la vinculaci\u00f3n educativa y productiva, y acercar la tecnolog\u00eda a la comunidad de una forma interactiva.<\/p>\n\n\n\n<p>Adem\u00e1s de la exposici\u00f3n tecnol\u00f3gica, el evento incluir\u00e1 actividades culturales y recreativas, como una batalla de DJ, la elecci\u00f3n de la embajadora de la Bienal Tecnol\u00f3gica, espect\u00e1culos de danza y m\u00fasica, shows de artistas emergentes y un patio gastron\u00f3mico con la participaci\u00f3n de emprendedores locales.<\/p>\n\n\n\n<p>\u201cQueremos que toda la familia pueda disfrutar, aprender y vivir la tecnolog\u00eda de manera interactiva\u201d, destacaron los organizadores, quienes subrayaron que la Bienal ser\u00e1 una verdadera fiesta de la innovaci\u00f3n y el talento chaque\u00f1o.<\/p>\n","protected":false},"excerpt":{"rendered":"<p>La Bienal Tecnol\u00f3gica es un proyecto impulsado por la Fundaci\u00f3n Vuela Alto y cuenta con el acompa\u00f1amiento de Fundaci\u00f3n Soy Chaco, Loter\u00eda Chaque\u00f1a y otras \u00e1reas del Gobierno provincial. Esta acci\u00f3n representa el primer paso para que los j\u00f3venes dise\u00f1en su propio merchandising e indumentaria oficial, fortaleciendo su identidad y sentido de pertenencia. El evento [&hellip;]<\/p>\n","protected":false},"author":11,"featured_media":13804,"comment_status":"open","ping_status":"open","sticky":false,"template":"","format":"standard","meta":{"footnotes":""},"categories":[28],"tags":[],"class_list":{"0":"post-13800","1":"post","2":"type-post","3":"status-publish","4":"format-standard","5":"has-post-thumbnail","7":"category-locales"},"aioseo_notices":[],"_links":{"self":[{"href":"https:\/\/lalupa24.com.ar\/index.php\/wp-json\/wp\/v2\/posts\/13800","targetHints":{"allow":["GET"]}}],"collection":[{"href":"https:\/\/lalupa24.com.ar\/index.php\/wp-json\/wp\/v2\/posts"}],"about":[{"href":"https:\/\/lalupa24.com.ar\/index.php\/wp-json\/wp\/v2\/types\/post"}],"author":[{"embeddable":true,"href":"https:\/\/lalupa24.com.ar\/index.php\/wp-json\/wp\/v2\/users\/11"}],"replies":[{"embeddable":true,"href":"https:\/\/lalupa24.com.ar\/index.php\/wp-json\/wp\/v2\/comments?post=13800"}],"version-history":[{"count":1,"href":"https:\/\/lalupa24.com.ar\/index.php\/wp-json\/wp\/v2\/posts\/13800\/revisions"}],"predecessor-version":[{"id":13805,"href":"https:\/\/lalupa24.com.ar\/index.php\/wp-json\/wp\/v2\/posts\/13800\/revisions\/13805"}],"wp:featuredmedia":[{"embeddable":true,"href":"https:\/\/lalupa24.com.ar\/index.php\/wp-json\/wp\/v2\/media\/13804"}],"wp:attachment":[{"href":"https:\/\/lalupa24.com.ar\/index.php\/wp-json\/wp\/v2\/media?parent=13800"}],"wp:term":[{"taxonomy":"category","embeddable":true,"href":"https:\/\/lalupa24.com.ar\/index.php\/wp-json\/wp\/v2\/categories?post=13800"},{"taxonomy":"post_tag","embeddable":true,"href":"https:\/\/lalupa24.com.ar\/index.php\/wp-json\/wp\/v2\/tags?post=13800"}],"curies":[{"name":"wp","href":"https:\/\/api.w.org\/{rel}","templated":true}]}}