{"id":13806,"date":"2025-10-30T19:36:44","date_gmt":"2025-10-30T22:36:44","guid":{"rendered":"https:\/\/lalupa24.com.ar\/?p=13806"},"modified":"2025-10-30T19:36:45","modified_gmt":"2025-10-30T22:36:45","slug":"quedo-conformado-el-jurado-popular-para-la-causa-sena","status":"publish","type":"post","link":"https:\/\/lalupa24.com.ar\/index.php\/2025\/10\/30\/quedo-conformado-el-jurado-popular-para-la-causa-sena\/","title":{"rendered":"Qued\u00f3 conformado el jurado popular para la causa Sena"},"content":{"rendered":"\n<p>Luego de tres audiencias qued\u00f3 conformado el jurado popular integrado por doce titulares y ocho suplentes, distribuido en igual n\u00famero de mujeres y varones, que actuar\u00e1 en la causa 22632\/2023-1 &#8220;Sena, C\u00e9sar Mario Alejandro y otros s\/ femicidio&#8221;, por la muerte de Cecilia Strzyzowski.<\/p>\n\n\n\n<p>Desde ma\u00f1ana el juicio continuar\u00e1 de 8 a 17 en las instalaciones del Centro de Estudios Judiciales (Juan B. Justo 42) con la lectura de instrucciones iniciales a cargo de la jueza t\u00e9cnica Dolly Fern\u00e1ndez, luego las partes expondr\u00e1n sus alegatos de apertura y se prev\u00e9 el inicio de la producci\u00f3n de la prueba con declaraciones de cinco testigos. Mientras que para noviembre est\u00e1n programadas audiencias el 3, 4, 5, 6, 7, 10, 11, 12, 13, 14, 17, 18, 19 y 20.<\/p>\n\n\n\n<p>De esta manera culmin\u00f3 la audiencia de voir dire durante la cual las partes hicieron preguntas y evaluaron a los ciudadanos convocados con el objetivo de arribar al jurado m\u00e1s imparcial. La ronda de preguntas se extendi\u00f3 durante dos jornadas: el mi\u00e9rcoles fue el turno de los integrantes del Equipo Fiscal Especial: Mart\u00edn Bogado, Nelia Vel\u00e1zquez y Jorge C\u00e1ceres Olivera y los querellantes Gustavo Briend (por Gloria Romero) y Juan Ignacio D\u00edaz por la subsecretaria de G\u00e9nero y Diversidad. A continuaci\u00f3n, lo hicieron las defensas: Gabriela Tomljenovic (por C\u00e9sar Sena), Elena Puente (representante de Fabiana Gonz\u00e1lez y Gustavo Obreg\u00f3n, y Celeste Ojeda (por Marcela Acu\u00f1a y Griselda Reynoso). Luego del cuarto intermedio Ojeda culmin\u00f3 sus preguntas y fue el turno de Ricardo Osuna y Olga Mongel\u00f3s (por Emerenciano Sena) y M\u00f3nica S\u00e1nchez (en representaci\u00f3n de Gustavo Melgarejo).<\/p>\n\n\n\n<p>Los bloques de la defensa y acusaci\u00f3n dispusieron de catorce recusaciones sin causa cada uno, un total de veintiocho. En tanto que las recusaciones con causa, que no tienen l\u00edmite, fueron en cada caso admitidas o no por la jueza Fern\u00e1ndez. El orden de presentaci\u00f3n de las recusaciones con causa fue: primero la defensa, luego la querella; y para las recusaciones sin causa correspondi\u00f3 en primer t\u00e9rmino a la querella y, despu\u00e9s, la defensa.<\/p>\n\n\n\n<p>Imputados y partes<\/p>\n\n\n\n<p>En la causa est\u00e1n imputados:<\/p>\n\n\n\n<p>&#8211; Cesar Mario Alejandro Sena: por el delito de homicidio doblemente agravado por el v\u00ednculo y por haberse cometido en contexto de violencia de g\u00e9nero en car\u00e1cter de autor (art.&nbsp; 80 inc. 1\u00b0 y 11\u00b0 del C\u00f3digo Penal en funci\u00f3n de la Ley N\u00b026.485).<\/p>\n\n\n\n<p>&#8211; Emerenciano Sena y Marcela Ver\u00f3nica Acu\u00f1a: por el delito de homicidio doblemente agravado por el v\u00ednculo y por haberse cometido en contexto de violencia de g\u00e9nero en car\u00e1cter de part\u00edcipes primarios (art. 80 inc. 1\u00b0 y 11\u00b0 y art. 45 todos del C\u00f3digo Penal).<\/p>\n\n\n\n<p>&#8211; Fabiana Cecilia Gonz\u00e1lez, Jos\u00e9 Gustavo Obreg\u00f3n, Gustavo Melgarejo y Griselda Luc\u00eda Reinoso: por el delito de Encubrimiento agravado (art. 277 inc. 3\u00b0 ac\u00e1p. &#8220;A&#8221; en funci\u00f3n del inc. 1\u00b0 ac\u00e1p. &#8220;B&#8221; del C\u00f3digo Penal).<\/p>\n\n\n\n<p>Las partes est\u00e1n conformadas por:<\/p>\n\n\n\n<p>-Equipo Fiscal Especial: conformado por el fiscal de C\u00e1mara, Juan Mart\u00edn Bogado, y los fiscales de investigaci\u00f3n Jorge C\u00e1ceres Olivera y Nelia Yael Vel\u00e1zquez.<\/p>\n\n\n\n<p>-Querellas: Gustavo Briend, representante de Gloria Romero, y Juan Ignacio D\u00edaz en representaci\u00f3n de Sonia Valenzuela, subsecretaria de G\u00e9nero y Diversidad.<\/p>\n\n\n\n<p>-Defensas: C\u00e9sar Sena (Gabriela Tomjlenovic), Emerenciano Sena (Ricardo Osuna y Olga Mongel\u00f3s), Marcela Acu\u00f1a y Griselda Reynoso (Celeste Ojeda, defensora oficial 12), Fabiana Gonz\u00e1lez y Gustavo Obreg\u00f3n (Elena Puente) y Gustavo Melgarejo (M\u00f3nica S\u00e1nchez).<\/p>\n\n\n\n<p>Transmisi\u00f3n de audiencias<\/p>\n\n\n\n<p>Las instrucciones iniciales, alegatos de apertura y clausura, instrucciones finales y veredicto ser\u00e1n transmitidas en vivo a trav\u00e9s de www.youtube.com\/@juicioporjuradoschaco4690 y quedar\u00e1n disponibles para su consulta posterior. La audiencia de selecci\u00f3n del jurado no se transmite para garantizar la intimidad de los mismos.<\/p>\n\n\n\n<p>Los periodistas y el p\u00fablico en general que deseen ver las declaraciones de testigos podr\u00e1n asistir al auditorio del Superior Tribunal de Justicia (L\u00f3pez y Planes 215) donde, previa acreditaci\u00f3n, acceder\u00e1n a la retransmisi\u00f3n en vivo de esa y las dem\u00e1s etapas.<\/p>\n\n\n\n<p>Esta decisi\u00f3n se tom\u00f3 en virtud de que las instalaciones del CEJ estar\u00e1n destinadas exclusivamente a la jueza, imputados, equipo fiscal especial, defensas, querellas y familiares.<\/p>\n\n\n\n<p>Por su parte camar\u00f3grafos y fot\u00f3grafos debidamente acreditados acceder\u00e1n a la sala de juicio diez minutos antes del inicio de cada audiencia, cuando a\u00fan no se encuentre el jurado, para realizar el registro fotogr\u00e1fico y audiovisual de las partes y jueza. Luego deber\u00e1n retirarse.<\/p>\n","protected":false},"excerpt":{"rendered":"<p>Luego de tres audiencias qued\u00f3 conformado el jurado popular integrado por doce titulares y ocho suplentes, distribuido en igual n\u00famero de mujeres y varones, que actuar\u00e1 en la causa 22632\/2023-1 &#8220;Sena, C\u00e9sar Mario Alejandro y otros s\/ femicidio&#8221;, por la muerte de Cecilia Strzyzowski. Desde ma\u00f1ana el juicio continuar\u00e1 de 8 a 17 en las [&hellip;]<\/p>\n","protected":false},"author":11,"featured_media":13807,"comment_status":"open","ping_status":"open","sticky":false,"template":"","format":"standard","meta":{"footnotes":""},"categories":[28],"tags":[],"class_list":{"0":"post-13806","1":"post","2":"type-post","3":"status-publish","4":"format-standard","5":"has-post-thumbnail","7":"category-locales"},"aioseo_notices":[],"_links":{"self":[{"href":"https:\/\/lalupa24.com.ar\/index.php\/wp-json\/wp\/v2\/posts\/13806","targetHints":{"allow":["GET"]}}],"collection":[{"href":"https:\/\/lalupa24.com.ar\/index.php\/wp-json\/wp\/v2\/posts"}],"about":[{"href":"https:\/\/lalupa24.com.ar\/index.php\/wp-json\/wp\/v2\/types\/post"}],"author":[{"embeddable":true,"href":"https:\/\/lalupa24.com.ar\/index.php\/wp-json\/wp\/v2\/users\/11"}],"replies":[{"embeddable":true,"href":"https:\/\/lalupa24.com.ar\/index.php\/wp-json\/wp\/v2\/comments?post=13806"}],"version-history":[{"count":1,"href":"https:\/\/lalupa24.com.ar\/index.php\/wp-json\/wp\/v2\/posts\/13806\/revisions"}],"predecessor-version":[{"id":13808,"href":"https:\/\/lalupa24.com.ar\/index.php\/wp-json\/wp\/v2\/posts\/13806\/revisions\/13808"}],"wp:featuredmedia":[{"embeddable":true,"href":"https:\/\/lalupa24.com.ar\/index.php\/wp-json\/wp\/v2\/media\/13807"}],"wp:attachment":[{"href":"https:\/\/lalupa24.com.ar\/index.php\/wp-json\/wp\/v2\/media?parent=13806"}],"wp:term":[{"taxonomy":"category","embeddable":true,"href":"https:\/\/lalupa24.com.ar\/index.php\/wp-json\/wp\/v2\/categories?post=13806"},{"taxonomy":"post_tag","embeddable":true,"href":"https:\/\/lalupa24.com.ar\/index.php\/wp-json\/wp\/v2\/tags?post=13806"}],"curies":[{"name":"wp","href":"https:\/\/api.w.org\/{rel}","templated":true}]}}