{"id":13812,"date":"2025-10-31T11:47:00","date_gmt":"2025-10-31T14:47:00","guid":{"rendered":"https:\/\/lalupa24.com.ar\/?p=13812"},"modified":"2025-10-31T11:47:01","modified_gmt":"2025-10-31T14:47:01","slug":"chaco-y-fao-firmaron-un-acuerdo-para-la-gestion-sostenible-de-la-cuenca-forestal-de-el-impenetrable","status":"publish","type":"post","link":"https:\/\/lalupa24.com.ar\/index.php\/2025\/10\/31\/chaco-y-fao-firmaron-un-acuerdo-para-la-gestion-sostenible-de-la-cuenca-forestal-de-el-impenetrable\/","title":{"rendered":"Chaco y FAO firmaron un acuerdo para la gesti\u00f3n sostenible de la cuenca forestal de el impenetrable"},"content":{"rendered":"\n<h4 class=\"wp-block-heading\"><\/h4>\n\n\n\n<p>La provincia del Chaco, representada por el ministro de Producci\u00f3n y Desarrollo Econ\u00f3mico Sostenible, Oscar Dudik, y el secretario de Coordinaci\u00f3n de Gabinete, Livio Guti\u00e9rrez, firmaron&nbsp; esta semana el Acuerdo con la Organizaci\u00f3n de las Naciones Unidas para la Alimentaci\u00f3n y la Agricultura (FAO), que formaliza la asistencia t\u00e9cnica para la formulaci\u00f3n del Plan de Gesti\u00f3n de la Cuenca Forestal Impenetrable.<\/p>\n\n\n\n<p>El acuerdo se enmarca en el Componente Cuenca Forestal del Proyecto Pagos por Resultados de REDD+ de Argentina, cuyo financiamiento proviene del Fondo Verde para el Clima (GCF). La FAO, junto a la Subsecretar\u00eda de Ambiente del Ministerio del Interior de la Naci\u00f3n, ser\u00e1 la entidad ejecutora del proyecto.<\/p>\n\n\n\n<p>La Cuenca Forestal Impenetrable comprende los departamentos General G\u00fcemes y Maip\u00fa, y ser\u00e1 objeto de planificaci\u00f3n para promover un manejo sostenible del bosque nativo, la conservaci\u00f3n ambiental y el desarrollo productivo de las comunidades locales.<\/p>\n\n\n\n<p>La r\u00fabrica se llev\u00f3 a cabo en el Sal\u00f3n Verde de Casa de Gobierno, con la presencia del subsecretario de Desarrollo Forestal, Oscar Navarro; el presidente del IIFA y coordinador general de la unidad ejecutora del Proyecto PPR REDD+, Gonzalo Ria\u00f1o; y el director de Bosques del Chaco, Gustavo Garc\u00eda.<\/p>\n\n\n\n<p>En representaci\u00f3n del Gobierno Nacional participaron el director de Recursos Naturales, Miguel Alfaro Romero; y por parte de la FAO, la oficial a cargo de FAO Argentina y Oficial de Programas, Mar\u00eda Laura Escuder; el coordinador general del proyecto de pago por resultados, Francisco Yofre; y la coordinadora del Componente Cuencas Forestales de la Unidad de Gesti\u00f3n del Proyecto, Paola Alejandra Marozzi Mo.<\/p>\n\n\n\n<p>*Una alianza para la sostenibilidad y el desarrollo*<br>Guti\u00e9rrez, por su parte, subray\u00f3 la decisi\u00f3n del Gobierno provincial de \u201ctrabajar junto a organismos internacionales y al Gobierno Nacional en una agenda ambiental moderna, basada en el equilibrio entre producci\u00f3n y conservaci\u00f3n\u201d.<\/p>\n\n\n\n<p>Tras la firma, se present\u00f3 el Equipo T\u00e9cnico Formulador que tendr\u00e1 a su cargo el dise\u00f1o del plan, y posteriormente se realiz\u00f3 una reuni\u00f3n de trabajo con los equipos t\u00e9cnicos de la provincia y la FAO<\/p>\n","protected":false},"excerpt":{"rendered":"<p>La provincia del Chaco, representada por el ministro de Producci\u00f3n y Desarrollo Econ\u00f3mico Sostenible, Oscar Dudik, y el secretario de Coordinaci\u00f3n de Gabinete, Livio Guti\u00e9rrez, firmaron&nbsp; esta semana el Acuerdo con la Organizaci\u00f3n de las Naciones Unidas para la Alimentaci\u00f3n y la Agricultura (FAO), que formaliza la asistencia t\u00e9cnica para la formulaci\u00f3n del Plan de [&hellip;]<\/p>\n","protected":false},"author":2,"featured_media":13814,"comment_status":"open","ping_status":"open","sticky":false,"template":"","format":"standard","meta":{"footnotes":""},"categories":[28],"tags":[],"class_list":{"0":"post-13812","1":"post","2":"type-post","3":"status-publish","4":"format-standard","5":"has-post-thumbnail","7":"category-locales"},"aioseo_notices":[],"_links":{"self":[{"href":"https:\/\/lalupa24.com.ar\/index.php\/wp-json\/wp\/v2\/posts\/13812","targetHints":{"allow":["GET"]}}],"collection":[{"href":"https:\/\/lalupa24.com.ar\/index.php\/wp-json\/wp\/v2\/posts"}],"about":[{"href":"https:\/\/lalupa24.com.ar\/index.php\/wp-json\/wp\/v2\/types\/post"}],"author":[{"embeddable":true,"href":"https:\/\/lalupa24.com.ar\/index.php\/wp-json\/wp\/v2\/users\/2"}],"replies":[{"embeddable":true,"href":"https:\/\/lalupa24.com.ar\/index.php\/wp-json\/wp\/v2\/comments?post=13812"}],"version-history":[{"count":1,"href":"https:\/\/lalupa24.com.ar\/index.php\/wp-json\/wp\/v2\/posts\/13812\/revisions"}],"predecessor-version":[{"id":13815,"href":"https:\/\/lalupa24.com.ar\/index.php\/wp-json\/wp\/v2\/posts\/13812\/revisions\/13815"}],"wp:featuredmedia":[{"embeddable":true,"href":"https:\/\/lalupa24.com.ar\/index.php\/wp-json\/wp\/v2\/media\/13814"}],"wp:attachment":[{"href":"https:\/\/lalupa24.com.ar\/index.php\/wp-json\/wp\/v2\/media?parent=13812"}],"wp:term":[{"taxonomy":"category","embeddable":true,"href":"https:\/\/lalupa24.com.ar\/index.php\/wp-json\/wp\/v2\/categories?post=13812"},{"taxonomy":"post_tag","embeddable":true,"href":"https:\/\/lalupa24.com.ar\/index.php\/wp-json\/wp\/v2\/tags?post=13812"}],"curies":[{"name":"wp","href":"https:\/\/api.w.org\/{rel}","templated":true}]}}