{"id":13816,"date":"2025-10-31T11:48:39","date_gmt":"2025-10-31T14:48:39","guid":{"rendered":"https:\/\/lalupa24.com.ar\/?p=13816"},"modified":"2025-10-31T11:48:40","modified_gmt":"2025-10-31T14:48:40","slug":"ha-sido-una-reunion-sumamente-positiva-dijo-silvana-schneider-sobre-el-encuentro-en-casa-rosada","status":"publish","type":"post","link":"https:\/\/lalupa24.com.ar\/index.php\/2025\/10\/31\/ha-sido-una-reunion-sumamente-positiva-dijo-silvana-schneider-sobre-el-encuentro-en-casa-rosada\/","title":{"rendered":"\u201dHa sido una reuni\u00f3n sumamente positiva&#8221;, dijo Silvana Schneider sobre el encuentro en casa rosada."},"content":{"rendered":"\n<h4 class=\"wp-block-heading\"><\/h4>\n\n\n\n<p>El encuentro dur\u00f3 m\u00e1s de dos horas y el c\u00f3nclave gir\u00f3 en torno a la agenda de reformas en las que se busca avanzar desde el Congreso, aprobando leyes para una reforma laboral, tributaria y del C\u00f3digo Penal.<\/p>\n\n\n\n<p>\u201cHa sido una reuni\u00f3n sumamente positiva la que se realiz\u00f3 en Bs. As. Fue un encuentro de m\u00e1s de dos horas que hemos tenido con el presidente Milei y todo el equipo de su gabinete. Muy contenta porque fue un encuentro altamente positivo\u201d, mencion\u00f3 Schneider.&nbsp; &nbsp;<\/p>\n\n\n\n<p>En ese sentido, destac\u00f3 el gesto de Milei de convocar a los gobernadores, como as\u00ed tambi\u00e9n la voluntad de los mandatarios provinciales de buscar los consensos necesarios por el bien del pa\u00eds. \u201cAyer hablamos sobre la necesidad de dar continuidad a este nuevo ciclo de crecimiento estable y sostenido, que impacte directamente en la generaci\u00f3n de empleo de calidad, porque sin duda esa es la base para superar la pobreza que afecta a nuestro pa\u00eds\u201d, agreg\u00f3 la vicegobernadora.&nbsp;<\/p>\n\n\n\n<p>Por esa l\u00ednea, precis\u00f3: \u201cEl presidente pidi\u00f3 expresamente a los gobernadores que acompa\u00f1emos esta pol\u00edtica de crecimiento, ya planteada en el Pacto de Mayo y ahora respaldada por las llamadas reformas de segunda generaci\u00f3n: la tributaria, la penal y la modernizaci\u00f3n laboral\u201d, y a\u00f1adi\u00f3: \u201cEl presidente tambi\u00e9n destac\u00f3 la importancia del Presupuesto 2026, porque es lo que brinda previsibilidad a la gesti\u00f3n\u201d.<\/p>\n\n\n\n<p>Por \u00faltimo, Schneider mencion\u00f3 que el jefe de Estado llamar\u00e1 a sesiones extraordinarias para tratar todos esos puntos. \u201cHa demostrado su inter\u00e9s en seguir trabajando junto a las provincias de manera conjunta y articulada para realizar todas las reformas que sean necesarias, siempre desde el consenso, para que las provincias y el pa\u00eds puedan crecer definitivamente\u201d.<\/p>\n","protected":false},"excerpt":{"rendered":"<p>El encuentro dur\u00f3 m\u00e1s de dos horas y el c\u00f3nclave gir\u00f3 en torno a la agenda de reformas en las que se busca avanzar desde el Congreso, aprobando leyes para una reforma laboral, tributaria y del C\u00f3digo Penal. \u201cHa sido una reuni\u00f3n sumamente positiva la que se realiz\u00f3 en Bs. As. Fue un encuentro de [&hellip;]<\/p>\n","protected":false},"author":2,"featured_media":13817,"comment_status":"open","ping_status":"open","sticky":false,"template":"","format":"standard","meta":{"footnotes":""},"categories":[28],"tags":[],"class_list":{"0":"post-13816","1":"post","2":"type-post","3":"status-publish","4":"format-standard","5":"has-post-thumbnail","7":"category-locales"},"aioseo_notices":[],"_links":{"self":[{"href":"https:\/\/lalupa24.com.ar\/index.php\/wp-json\/wp\/v2\/posts\/13816","targetHints":{"allow":["GET"]}}],"collection":[{"href":"https:\/\/lalupa24.com.ar\/index.php\/wp-json\/wp\/v2\/posts"}],"about":[{"href":"https:\/\/lalupa24.com.ar\/index.php\/wp-json\/wp\/v2\/types\/post"}],"author":[{"embeddable":true,"href":"https:\/\/lalupa24.com.ar\/index.php\/wp-json\/wp\/v2\/users\/2"}],"replies":[{"embeddable":true,"href":"https:\/\/lalupa24.com.ar\/index.php\/wp-json\/wp\/v2\/comments?post=13816"}],"version-history":[{"count":1,"href":"https:\/\/lalupa24.com.ar\/index.php\/wp-json\/wp\/v2\/posts\/13816\/revisions"}],"predecessor-version":[{"id":13818,"href":"https:\/\/lalupa24.com.ar\/index.php\/wp-json\/wp\/v2\/posts\/13816\/revisions\/13818"}],"wp:featuredmedia":[{"embeddable":true,"href":"https:\/\/lalupa24.com.ar\/index.php\/wp-json\/wp\/v2\/media\/13817"}],"wp:attachment":[{"href":"https:\/\/lalupa24.com.ar\/index.php\/wp-json\/wp\/v2\/media?parent=13816"}],"wp:term":[{"taxonomy":"category","embeddable":true,"href":"https:\/\/lalupa24.com.ar\/index.php\/wp-json\/wp\/v2\/categories?post=13816"},{"taxonomy":"post_tag","embeddable":true,"href":"https:\/\/lalupa24.com.ar\/index.php\/wp-json\/wp\/v2\/tags?post=13816"}],"curies":[{"name":"wp","href":"https:\/\/api.w.org\/{rel}","templated":true}]}}