{"id":13831,"date":"2025-10-31T11:59:22","date_gmt":"2025-10-31T14:59:22","guid":{"rendered":"https:\/\/lalupa24.com.ar\/?p=13831"},"modified":"2025-10-31T11:59:23","modified_gmt":"2025-10-31T14:59:23","slug":"los-controladores-aereos-anunciaron-nueve-paros-para-noviembre","status":"publish","type":"post","link":"https:\/\/lalupa24.com.ar\/index.php\/2025\/10\/31\/los-controladores-aereos-anunciaron-nueve-paros-para-noviembre\/","title":{"rendered":"Los controladores a\u00e9reos anunciaron nueve paros para noviembre"},"content":{"rendered":"\n<h2 class=\"wp-block-heading\"><\/h2>\n\n\n\n<p>La Asociaci\u00f3n T\u00e9cnicos y Empleados de Protecci\u00f3n y Seguridad a la Aeronavegaci\u00f3n (ATEPSA)\u00a0anunci\u00f3 un cronograma con\u00a0nueve jornadas de paros\u00a0que impactar\u00e1n en la log\u00edstica y los despegues de vuelos de carga a nivel nacional.<\/p>\n\n\n\n<p>Las medidas se concretar\u00e1n\u00a0entre el 3 y el 30 de noviembre con franjas de ocho horas de duraci\u00f3n.\u00a0Adicionalmente, el sindicato anunci\u00f3 que buscar\u00e1 paralizar todas las comisiones de servicio relacionadas al mantenimiento de la infraestructura tecnol\u00f3gica de los servicios de navegaci\u00f3n a\u00e9rea, as\u00ed como tambi\u00e9n la actividad de instrucci\u00f3n y capacitaci\u00f3n del personal de la Empresa Argentina de Navegaci\u00f3n A\u00e9rea (EANA).<\/p>\n\n\n\n<p>ATEPSA sostiene que la protesta se debe al incumplimiento de acuerdos laborales previamente asumidos por EANA, especialmente los relacionados con el Convenio Colectivo de Trabajo y la pauta salarial.<\/p>\n\n\n\n<p>Por su parte, la EANA calific\u00f3 a las medidas de fuerza como \u201cileg\u00edtimas\u201d y -como de costumbre- acus\u00f3 a \u201cla casta gremial kirchnerista\u201d de \u201cperjudicar\u201d al servicio y los usuarios.<\/p>\n\n\n\n<p>Lo cierto es que la afectaci\u00f3n a los vuelos de carga generar\u00e1 demoras en la cadena log\u00edstica y comercial del pa\u00eds. El cronograma de paros est\u00e1 previsto para el 3, 6, 9, 14, 24, 27 y 30 de noviembre. El sindicato indic\u00f3 que las medidas podr\u00edan ampliarse si persiste la falta de respuesta a sus reclamos.<\/p>\n","protected":false},"excerpt":{"rendered":"<p>La Asociaci\u00f3n T\u00e9cnicos y Empleados de Protecci\u00f3n y Seguridad a la Aeronavegaci\u00f3n (ATEPSA)\u00a0anunci\u00f3 un cronograma con\u00a0nueve jornadas de paros\u00a0que impactar\u00e1n en la log\u00edstica y los despegues de vuelos de carga a nivel nacional. Las medidas se concretar\u00e1n\u00a0entre el 3 y el 30 de noviembre con franjas de ocho horas de duraci\u00f3n.\u00a0Adicionalmente, el sindicato anunci\u00f3 que [&hellip;]<\/p>\n","protected":false},"author":2,"featured_media":13832,"comment_status":"open","ping_status":"open","sticky":false,"template":"","format":"standard","meta":{"footnotes":""},"categories":[26],"tags":[],"class_list":{"0":"post-13831","1":"post","2":"type-post","3":"status-publish","4":"format-standard","5":"has-post-thumbnail","7":"category-nacionales"},"aioseo_notices":[],"_links":{"self":[{"href":"https:\/\/lalupa24.com.ar\/index.php\/wp-json\/wp\/v2\/posts\/13831","targetHints":{"allow":["GET"]}}],"collection":[{"href":"https:\/\/lalupa24.com.ar\/index.php\/wp-json\/wp\/v2\/posts"}],"about":[{"href":"https:\/\/lalupa24.com.ar\/index.php\/wp-json\/wp\/v2\/types\/post"}],"author":[{"embeddable":true,"href":"https:\/\/lalupa24.com.ar\/index.php\/wp-json\/wp\/v2\/users\/2"}],"replies":[{"embeddable":true,"href":"https:\/\/lalupa24.com.ar\/index.php\/wp-json\/wp\/v2\/comments?post=13831"}],"version-history":[{"count":1,"href":"https:\/\/lalupa24.com.ar\/index.php\/wp-json\/wp\/v2\/posts\/13831\/revisions"}],"predecessor-version":[{"id":13833,"href":"https:\/\/lalupa24.com.ar\/index.php\/wp-json\/wp\/v2\/posts\/13831\/revisions\/13833"}],"wp:featuredmedia":[{"embeddable":true,"href":"https:\/\/lalupa24.com.ar\/index.php\/wp-json\/wp\/v2\/media\/13832"}],"wp:attachment":[{"href":"https:\/\/lalupa24.com.ar\/index.php\/wp-json\/wp\/v2\/media?parent=13831"}],"wp:term":[{"taxonomy":"category","embeddable":true,"href":"https:\/\/lalupa24.com.ar\/index.php\/wp-json\/wp\/v2\/categories?post=13831"},{"taxonomy":"post_tag","embeddable":true,"href":"https:\/\/lalupa24.com.ar\/index.php\/wp-json\/wp\/v2\/tags?post=13831"}],"curies":[{"name":"wp","href":"https:\/\/api.w.org\/{rel}","templated":true}]}}