{"id":13834,"date":"2025-10-31T12:02:11","date_gmt":"2025-10-31T15:02:11","guid":{"rendered":"https:\/\/lalupa24.com.ar\/?p=13834"},"modified":"2025-10-31T12:02:12","modified_gmt":"2025-10-31T15:02:12","slug":"nuestra-vision-sobre-lo-que-viene-el-mensaje-de-cristina-kirchner-despues-de-las-elecciones","status":"publish","type":"post","link":"https:\/\/lalupa24.com.ar\/index.php\/2025\/10\/31\/nuestra-vision-sobre-lo-que-viene-el-mensaje-de-cristina-kirchner-despues-de-las-elecciones\/","title":{"rendered":"&#8220;Nuestra visi\u00f3n sobre lo que viene&#8221;: el mensaje de Cristina Kirchner despu\u00e9s de las elecciones"},"content":{"rendered":"\n<p>La exmandataria public\u00f3 un documento en el que volvi\u00f3 a criticar el desdoblamiento en la provincia de Buenos Aires porque &#8220;permiti\u00f3 reagrupar el voto antiperonista&#8221;. Habl\u00f3 del &#8220;factor miedo&#8221; y el rol de Trump, y advirti\u00f3 que ahora &#8220;se viene una fuerte ofensiva para tratar de romper el peronismo y el campo nacional y popular en su conjunto&#8221;.<\/p>\n\n\n\n<p><br>Cinco d\u00edas despu\u00e9s de las elecciones legislativas que terminaron con un triunfo de La Libertad Avanza,\u00a0la expresidenta Cristina Fern\u00e1ndez de Kirchner public\u00f3 un an\u00e1lisis sobre el resultado electoral y el desempe\u00f1o del peronismo.\u00a0Advirti\u00f3 que\u00a0&#8220;se viene una fuerte ofensiva para tratar de romper el peronismo y el campo nacional y popular en su conjunto&#8221;.<\/p>\n\n\n\n<p>&#8220;No hay derrotas definitivas ni triunfos eternos\u201d, record\u00f3 Cristina que sol\u00eda decir N\u00e9stor Kirchner.\u00a0Y se\u00f1al\u00f3 que desde la vuelta de la democracia en 1983, salvo Fernando De la R\u00faa y Alberto Fern\u00e1ndez, todos los presidentes ganaron la primera elecci\u00f3n parlamentaria durante su gesti\u00f3n.\u00a0&#8220;\u00bfGanar la elecci\u00f3n intermedia garantiza el resultado de la siguiente elecci\u00f3n presidencial? De ninguna manera&#8221;, remarc\u00f3.<\/p>\n\n\n\n<p>CFK dijo que sostiene\u00a0&#8220;el valor de la unidad como instrumento pol\u00edtico de construcci\u00f3n nacional, popular y democr\u00e1tica&#8221;\u00a0y pidi\u00f3 que a esa unidad se le debe sumar\u00a0&#8220;militancia con cohesi\u00f3n y &#8220;claridad estrat\u00e9gica y program\u00e1tica&#8221;.<\/p>\n\n\n\n<p>En su an\u00e1lisis de lo que pas\u00f3 el domingo,\u00a0CFK volvi\u00f3 a cuestionar el desdoblamiento electoral en la provincia de Buenos Aires decidido por el gobernador Axel Kicillof\u00a0y mencion\u00f3 que excepto en ese distrito, todos los gobernadores peronistas ganaron en estas elecciones parlamentarias.\u00a0<\/p>\n\n\n\n<p>&#8220;La excepci\u00f3n de lo ocurrido en la Provincia de Buenos Aires obedece a un error pol\u00edtico al equivocar la estrategia electoral&#8221;, apunt\u00f3 la exmandataria y agreg\u00f3:\u00a0&#8220;La diferencia de casi 14 puntos en la elecci\u00f3n del 7 de septiembre en PBA oper\u00f3 como una PASO o balotaje que permiti\u00f3 reagrupar el voto antiperonista en la elecci\u00f3n del pasado 26 de octubre&#8221;.<\/p>\n\n\n\n<p>&#8220;Al viejo antiperonismo se le sum\u00f3 otro factor: el miedo; un actor determinante ante la posibilidad de una crisis pol\u00edtica que terminara agravando la ya terrible situaci\u00f3n de la gente de a pie&#8221;, consider\u00f3 Cristina Kirchner al continuar su an\u00e1lisis.<\/p>\n\n\n\n<p>Dijo que &#8220;algunos creyeron que si el gobierno perd\u00eda la elecci\u00f3n de medio t\u00e9rmino, se ca\u00eda&#8221;, en el marco de &#8220;una escalada de suba del d\u00f3lar, riesgo pa\u00eds y el problema de siempre: la falta de d\u00f3lares&#8221;.<\/p>\n\n\n\n<p>&#8220;A este cuadro ya casi folcl\u00f3rico de la Argentina se sum\u00f3, nada m\u00e1s ni nada menos, que el Presidente de los EEUU, Donald Trump, diciendo que si Milei no ganaba las elecciones la ayuda del Tesoro norteamericano, que al comprar pesos insufl\u00f3 d\u00f3lares al sistema bi-monetario argentino, se iba a terminar&#8221;, a\u00f1adi\u00f3 CFK. Opin\u00f3 que &#8220;la amenaza de que todo iba a explotar&#8221; logr\u00f3\u00a0&#8220;una sobre-estimulaci\u00f3n emocional en una parte del electorado&#8221;.<\/p>\n\n\n\n<p>Agreg\u00f3 que el pa\u00eds &#8220;ha sumado a un nuevo e in\u00e9dito acreedor: el Tesoro de los Estados Unidos&#8221;.\u00a0&#8220;Los argentinos compran d\u00f3lares y los yankis compran pesos&#8230; \u00bfQu\u00e9 puede salir mal?&#8221;, pregunt\u00f3 tras reiterar que la Argentina est\u00e1 ante su tercera crisis de deuda.<\/p>\n\n\n\n<p>Cristina tambi\u00e9n traz\u00f3 su visi\u00f3n de lo que vendr\u00e1 en la Argentina tras el triunfo libertario y advirt\u00f3 que habr\u00e1\u00a0&#8220;una fuerte ofensiva para tratar de romper el peronismo y el campo nacional y popular en su conjunto&#8221;.<\/p>\n\n\n\n<p>&#8220;Porque\u00a0transformar la Argentina en una factor\u00eda y quebrar su organizaci\u00f3n social y pol\u00edtica requiere algo m\u00e1s que ganarle una elecci\u00f3n. Van a poner en juego todo lo que haga falta&#8221;, plante\u00f3. Seg\u00fan CFK, esa ofensiva empez\u00f3 &#8220;apenas un mes y medio despu\u00e9s de la muerte del Papa Francisco&#8221;, cuando ordenaron su prisi\u00f3n y proscripci\u00f3n.<\/p>\n\n\n\n<p>Cristina dijo que &#8220;si algo queda claro es que la dirigencia pol\u00edtica, sindical y social en la Argentina est\u00e1 en libertad condicional&#8221;\u00a0y enumer\u00f3 los reciente fallos judiciales en favor de figuras de la derecha y en contra de dirigentes del peronismo.<\/p>\n\n\n\n<p>&#8220;Al d\u00eda siguiente de la elecci\u00f3n del 26 de octubre, la Corte de Los Tres sobresey\u00f3, por un lado, a Mauricio Macri, nada m\u00e1s ni nada menos que por el espionaje comprobado a los familiares de las v\u00edctimas del ARA San juan; a Caputo en una causa penal; a Sturzenegger en una causa por abuso de autoridad, en la que la v\u00edctima era mi hija Florencia, y al propio Milei en otra causa penal&#8221;, se\u00f1al\u00f3 la expresidenta.<\/p>\n\n\n\n<p>En contraste, apunt\u00f3 que ese mismo d\u00eda el m\u00e1ximo tribunal rechaz\u00f3 al menos 10 recursos de sus abogados en distintas causas, confirm\u00f3 la condena contra Mart\u00edn Sabbatella por la aplicaci\u00f3n de la Ley de Medios y &#8220;coron\u00f3 su d\u00eda de furia antiperonista&#8221; confirmando las condenas contra Guillermo Moreno.\u00a0&#8220;Un dirigente pol\u00edtico va a sufrir privaci\u00f3n de la libertad e inhabilitaci\u00f3n para ejercer cargos p\u00fablicos de por vida, por haber repartido objetos que dec\u00edan &#8216;Clar\u00edn Miente'&#8221;, grafic\u00f3.<\/p>\n\n\n\n<p>La exmandataria remarc\u00f3 que el objetivo de esa ofensiva es &#8220;que ning\u00fan dirigente se atreva a defender los intereses de la Naci\u00f3n y del Pueblo&#8221;. A ello le sum\u00f3\u00a0las &#8220;maniobras que tienen como objetivo la divisi\u00f3n y balcanizaci\u00f3n del campo nacional y popular a trav\u00e9s de la cooptaci\u00f3n y seducci\u00f3n de dirigentes&#8221;.<\/p>\n\n\n\n<h2 class=\"wp-block-heading\"><\/h2>\n\n\n\n<p>La posdata de Cristina, en un agregado a su texto, CFK apunt\u00f3 contra los &#8220;analistas y expertos&#8221; que &#8220;hablan con el diario del lunes&#8221; y record\u00f3 que en 2023\u00a0&#8220;cuando nadie ten\u00eda en el radar a Javier Milei como posible presidente de los argentinos, sostuve en un programa televisivo, que la elecci\u00f3n presidencial de ese a\u00f1o iba a ser una elecci\u00f3n de tercios&#8221;.\u00a0<\/p>\n\n\n\n<p>&#8220;Acabo determinar de leer &#8216;La hora de los depredadores&#8217; de Giuliano da Empoli&#8230; quien recuerda, en su p\u00e1gina 142, la frase de Winston Churchill citada por Kissinger cuando alguien le preguntaba c\u00f3mo prepararse para desempe\u00f1ar un papel en el mundo:\u00a0&#8216;Estudie historia, estudie historia, estudie historia&#8217;. Churchill ten\u00eda raz\u00f3n&#8221;, cerr\u00f3.<\/p>\n","protected":false},"excerpt":{"rendered":"<p>La exmandataria public\u00f3 un documento en el que volvi\u00f3 a criticar el desdoblamiento en la provincia de Buenos Aires porque &#8220;permiti\u00f3 reagrupar el voto antiperonista&#8221;. Habl\u00f3 del &#8220;factor miedo&#8221; y el rol de Trump, y advirti\u00f3 que ahora &#8220;se viene una fuerte ofensiva para tratar de romper el peronismo y el campo nacional y popular [&hellip;]<\/p>\n","protected":false},"author":2,"featured_media":13835,"comment_status":"open","ping_status":"open","sticky":false,"template":"","format":"standard","meta":{"footnotes":""},"categories":[26],"tags":[],"class_list":{"0":"post-13834","1":"post","2":"type-post","3":"status-publish","4":"format-standard","5":"has-post-thumbnail","7":"category-nacionales"},"aioseo_notices":[],"_links":{"self":[{"href":"https:\/\/lalupa24.com.ar\/index.php\/wp-json\/wp\/v2\/posts\/13834","targetHints":{"allow":["GET"]}}],"collection":[{"href":"https:\/\/lalupa24.com.ar\/index.php\/wp-json\/wp\/v2\/posts"}],"about":[{"href":"https:\/\/lalupa24.com.ar\/index.php\/wp-json\/wp\/v2\/types\/post"}],"author":[{"embeddable":true,"href":"https:\/\/lalupa24.com.ar\/index.php\/wp-json\/wp\/v2\/users\/2"}],"replies":[{"embeddable":true,"href":"https:\/\/lalupa24.com.ar\/index.php\/wp-json\/wp\/v2\/comments?post=13834"}],"version-history":[{"count":1,"href":"https:\/\/lalupa24.com.ar\/index.php\/wp-json\/wp\/v2\/posts\/13834\/revisions"}],"predecessor-version":[{"id":13836,"href":"https:\/\/lalupa24.com.ar\/index.php\/wp-json\/wp\/v2\/posts\/13834\/revisions\/13836"}],"wp:featuredmedia":[{"embeddable":true,"href":"https:\/\/lalupa24.com.ar\/index.php\/wp-json\/wp\/v2\/media\/13835"}],"wp:attachment":[{"href":"https:\/\/lalupa24.com.ar\/index.php\/wp-json\/wp\/v2\/media?parent=13834"}],"wp:term":[{"taxonomy":"category","embeddable":true,"href":"https:\/\/lalupa24.com.ar\/index.php\/wp-json\/wp\/v2\/categories?post=13834"},{"taxonomy":"post_tag","embeddable":true,"href":"https:\/\/lalupa24.com.ar\/index.php\/wp-json\/wp\/v2\/tags?post=13834"}],"curies":[{"name":"wp","href":"https:\/\/api.w.org\/{rel}","templated":true}]}}