{"id":13837,"date":"2025-10-31T12:03:02","date_gmt":"2025-10-31T15:03:02","guid":{"rendered":"https:\/\/lalupa24.com.ar\/?p=13837"},"modified":"2025-10-31T12:03:03","modified_gmt":"2025-10-31T15:03:03","slug":"guillermo-francos-dice-que-petardean-la-reforma-laboral","status":"publish","type":"post","link":"https:\/\/lalupa24.com.ar\/index.php\/2025\/10\/31\/guillermo-francos-dice-que-petardean-la-reforma-laboral\/","title":{"rendered":"Guillermo Francos dice que &#8220;petardean&#8221; la reforma laboral"},"content":{"rendered":"\n<h2 class=\"wp-block-heading\"><\/h2>\n\n\n\n<p>La reforma laboral es uno de los objetivos prioritarios para el gobierno de Javier Milei. Lo reconfirm\u00f3 luego de reunirse con 20 gobernadores. De todas formas el jefe de gabinete, Guillermo Francos, sali\u00f3 a decir que se est\u00e1 &#8220;petardeando&#8221; la reforma laboral y calific\u00f3 como \u201cuna locura\u201d las versiones que indican que el oficialismo pretende&nbsp;extender la jornada laboral a 12 horas.<\/p>\n\n\n\n<p>\u201cHay una campa\u00f1a sobre esto que no tiene ning\u00fan asidero. Eso de 12 o 13 horas de jornada laboral es una locura, es una forma de petardear una propuesta de reforma que, por supuesto, no contiene nada de eso\u201d, dijo Francos durante una entrevista radial.<\/p>\n\n\n\n<p>En esa l\u00ednea, indic\u00f3 que &#8220;no hay que petardear una posibilidad de reforma generando mitos y creencias de que se hace para quitar derechos al trabajador, en absoluto, se hace para ordenar la relaci\u00f3n de trabajo y darle posibilidad a los empresarios para que inviertan y creen nuevos empleos\u201d. Es m\u00e1s, dijo que la reforma busca \u201cgenerar m\u00e1s competitividad al sector empresario sin quitar derechos y tratar de hacer m\u00e1s f\u00e1cil la relaci\u00f3n laboral\u201d. A modo de ejemplo, critic\u00f3 la ultraactividad de los convenios colectivos de trabajo, que establece una pr\u00f3rroga autom\u00e1tica de las condiciones laborales de un convenio vencido hasta que se negocie y firme uno nuevo. \u201cHay algunos convenios que tienen 50 a\u00f1os y claramente la relaci\u00f3n del trabajo cambi\u00f3 totalmente\u201d, explic\u00f3.<\/p>\n","protected":false},"excerpt":{"rendered":"<p>La reforma laboral es uno de los objetivos prioritarios para el gobierno de Javier Milei. Lo reconfirm\u00f3 luego de reunirse con 20 gobernadores. De todas formas el jefe de gabinete, Guillermo Francos, sali\u00f3 a decir que se est\u00e1 &#8220;petardeando&#8221; la reforma laboral y calific\u00f3 como \u201cuna locura\u201d las versiones que indican que el oficialismo pretende&nbsp;extender [&hellip;]<\/p>\n","protected":false},"author":2,"featured_media":13838,"comment_status":"open","ping_status":"open","sticky":false,"template":"","format":"standard","meta":{"footnotes":""},"categories":[26],"tags":[],"class_list":{"0":"post-13837","1":"post","2":"type-post","3":"status-publish","4":"format-standard","5":"has-post-thumbnail","7":"category-nacionales"},"aioseo_notices":[],"_links":{"self":[{"href":"https:\/\/lalupa24.com.ar\/index.php\/wp-json\/wp\/v2\/posts\/13837","targetHints":{"allow":["GET"]}}],"collection":[{"href":"https:\/\/lalupa24.com.ar\/index.php\/wp-json\/wp\/v2\/posts"}],"about":[{"href":"https:\/\/lalupa24.com.ar\/index.php\/wp-json\/wp\/v2\/types\/post"}],"author":[{"embeddable":true,"href":"https:\/\/lalupa24.com.ar\/index.php\/wp-json\/wp\/v2\/users\/2"}],"replies":[{"embeddable":true,"href":"https:\/\/lalupa24.com.ar\/index.php\/wp-json\/wp\/v2\/comments?post=13837"}],"version-history":[{"count":1,"href":"https:\/\/lalupa24.com.ar\/index.php\/wp-json\/wp\/v2\/posts\/13837\/revisions"}],"predecessor-version":[{"id":13839,"href":"https:\/\/lalupa24.com.ar\/index.php\/wp-json\/wp\/v2\/posts\/13837\/revisions\/13839"}],"wp:featuredmedia":[{"embeddable":true,"href":"https:\/\/lalupa24.com.ar\/index.php\/wp-json\/wp\/v2\/media\/13838"}],"wp:attachment":[{"href":"https:\/\/lalupa24.com.ar\/index.php\/wp-json\/wp\/v2\/media?parent=13837"}],"wp:term":[{"taxonomy":"category","embeddable":true,"href":"https:\/\/lalupa24.com.ar\/index.php\/wp-json\/wp\/v2\/categories?post=13837"},{"taxonomy":"post_tag","embeddable":true,"href":"https:\/\/lalupa24.com.ar\/index.php\/wp-json\/wp\/v2\/tags?post=13837"}],"curies":[{"name":"wp","href":"https:\/\/api.w.org\/{rel}","templated":true}]}}