{"id":13846,"date":"2025-10-31T12:10:49","date_gmt":"2025-10-31T15:10:49","guid":{"rendered":"https:\/\/lalupa24.com.ar\/?p=13846"},"modified":"2025-10-31T12:10:51","modified_gmt":"2025-10-31T15:10:51","slug":"difundieron-el-ultimo-video-de-los-jubilados-desaparecidos-en-chubut","status":"publish","type":"post","link":"https:\/\/lalupa24.com.ar\/index.php\/2025\/10\/31\/difundieron-el-ultimo-video-de-los-jubilados-desaparecidos-en-chubut\/","title":{"rendered":"Difundieron el \u00faltimo video de los jubilados desaparecidos en Chubut"},"content":{"rendered":"\n<p>La pareja dej\u00f3 de dar se\u00f1ales el 11 de octubre, poco despu\u00e9s de haber avisado a sus respectivas familias que saldr\u00edan de vacaciones. El video confirma la versi\u00f3n de que salieron juntos en la camioneta desde la casa de Kreder en Comodoro Rivadavia.<\/p>\n\n\n\n<p>Este s\u00e1bado 1\u00ba de noviembre se cumplir\u00e1n\u00a0tres semanas\u00a0desde que\u00a0Juana In\u00e9s Morales y Pedro Kreder\u00a0se perdieron sin dejar rastros. El\u00a0\u00faltimo registro f\u00edlmico\u00a0que se tiene de ambos pertenece a\u00a0una grabaci\u00f3n de una c\u00e1mara de seguridad de la localidad de Caleta Oliva del s\u00e1bado 11 de octubre, la fecha en la que se perdi\u00f3 todo contacto con los jubilados de 69 y 79 a\u00f1os, respectivamente. En las im\u00e1genes\u00a0se ve la camioneta Toyota Hilux\u00a0en la que la pareja de Comdoro Rivadavia se\u00a0trasladaba en direcci\u00f3n a Las Grutas.<\/p>\n\n\n\n<p>En las im\u00e1genes\u00a0se ve al veh\u00edculo desplaz\u00e1ndose por la Ruta Provincial N\u00ba39, a pocos kil\u00f3metros del cruce con la Ruta Provincial N\u00b01, el mismo camino que, seg\u00fan los investigadores, habr\u00eda seguido Kreder hasta llegar al\u00a0Ca\u00f1ad\u00f3n del Visser,\u00a0una zona de\u00a0dif\u00edcil acceso\u00a0dentro del \u00c1rea Natural Protegida Rocas Coloradas, donde la camioneta fue hallada seis d\u00edas despu\u00e9s de la denuncia policial, atrapada en el barro y sin se\u00f1ales de vandalismo.<\/p>\n\n\n\n<p>El material fue analizado por la Divisi\u00f3n de Investigaciones \u2013 Secci\u00f3n Cibercrimen, que confirm\u00f3 que\u00a0dentro del veh\u00edculo solo se encontraban Kreder y Morales.<\/p>\n\n\n\n<p>Asimismo, seg\u00fan los investigadores, la Hilux es captada a las 9:40,\u00a0horario que coincide con la reconstrucci\u00f3n oficial: la pareja hab\u00eda salido de la casa de Kreder en Comodoro Rivadavia cerca de las 9:30. Un segundo registro muestra el veh\u00edculo circulando por una zona residencial, aunque la c\u00e1mara presentaba la hora atrasada y marcaba las 8:00. Los peritos indicaron que en ninguno de los videos aparece otro veh\u00edculo siguiendo a la camioneta, lo que, por el momento,\u00a0descarta la hip\u00f3tesis de una persecuci\u00f3n o ataque en la ruta.<\/p>\n\n\n\n<p>&#8220;Por m\u00e1s que sea dif\u00edcil dec\u00edrselos a las familias,\u00a0trabajamos con la hip\u00f3tesis de que ya no est\u00e1n con vida. Hubo que decirles que los perros de b\u00fasqueda\u00a0pasaron a ser perros DRH,\u00a0que solo detectan restos humanos&#8221;, explic\u00f3 esta semana\u00a0el ministro de Seguridad y Justicia provincial, H\u00e9ctor Iturrioz, en declaraciones radiales.<\/p>\n\n\n\n<p>El operativo de rastrillaje se concentr\u00f3 en la ciudad de Comdoro Rivadavia, de donde es oriunda la parjea, y en los alrededores del\u00a0Ca\u00f1ad\u00f3n de Visser, lugar donde se encontr\u00f3 el veh\u00edculo de Kreder, que es un sector con un\u00a0terreno abrupto y peligroso, caracterizado por\u00a0rocas rojizas,\u00a0grietas profundas, y una\u00a0superficie erosionada y lodosa, propensa a la\u00a0formaci\u00f3n r\u00e1pida de sumideros naturales.<\/p>\n\n\n\n<p>El operativo se despleg\u00f3 por la\u00a0Ruta Nacional N\u00b03, la\u00a0Ruta Provincial N\u00ba73, y la\u00a0Ruta Provincial N\u00b01, as\u00ed como tambi\u00e9n m\u00e1s de 50 kil\u00f3metros adentro de la reserva natural. Pese a la participaci\u00f3n activa de un centenar de efectivos policiales, bomberos, civiles, drones, caballos y perros entrenados en b\u00fasqueda y rescate, no hubo resultados positivos.<\/p>\n\n\n\n<p>Estos trabajos se desarrollan bajo la supervisi\u00f3n directa del subcomisario\u00a0Patricio Fabi\u00e1n Rojas, jefe de la Divisi\u00f3n B\u00fasqueda de Personas de la Unidad Regional Comodoro Rivadavia.<\/p>\n\n\n\n<p>El hallazgo de la Toyota Hilux fue\u00a0clave para la investigaci\u00f3n, ya que abri\u00f3 nuevos interrogantes:\u00a0c\u00f3mo llegaron hacia esa \u00e1rea de dif\u00edcil acceso y por qu\u00e9.\u00a0\u201cMi pap\u00e1 es alguien muy prudente, cuidadoso con su vida y con el veh\u00edculo. No habr\u00eda arriesgado ni la suya ni la de Juana manejando por un lugar tan peligroso\u201d, subray\u00f3 Gabriela Kreder a los medio locales.<\/p>\n","protected":false},"excerpt":{"rendered":"<p>La pareja dej\u00f3 de dar se\u00f1ales el 11 de octubre, poco despu\u00e9s de haber avisado a sus respectivas familias que saldr\u00edan de vacaciones. El video confirma la versi\u00f3n de que salieron juntos en la camioneta desde la casa de Kreder en Comodoro Rivadavia. Este s\u00e1bado 1\u00ba de noviembre se cumplir\u00e1n\u00a0tres semanas\u00a0desde que\u00a0Juana In\u00e9s Morales y [&hellip;]<\/p>\n","protected":false},"author":2,"featured_media":13847,"comment_status":"open","ping_status":"open","sticky":false,"template":"","format":"standard","meta":{"footnotes":""},"categories":[26],"tags":[],"class_list":{"0":"post-13846","1":"post","2":"type-post","3":"status-publish","4":"format-standard","5":"has-post-thumbnail","7":"category-nacionales"},"aioseo_notices":[],"_links":{"self":[{"href":"https:\/\/lalupa24.com.ar\/index.php\/wp-json\/wp\/v2\/posts\/13846","targetHints":{"allow":["GET"]}}],"collection":[{"href":"https:\/\/lalupa24.com.ar\/index.php\/wp-json\/wp\/v2\/posts"}],"about":[{"href":"https:\/\/lalupa24.com.ar\/index.php\/wp-json\/wp\/v2\/types\/post"}],"author":[{"embeddable":true,"href":"https:\/\/lalupa24.com.ar\/index.php\/wp-json\/wp\/v2\/users\/2"}],"replies":[{"embeddable":true,"href":"https:\/\/lalupa24.com.ar\/index.php\/wp-json\/wp\/v2\/comments?post=13846"}],"version-history":[{"count":1,"href":"https:\/\/lalupa24.com.ar\/index.php\/wp-json\/wp\/v2\/posts\/13846\/revisions"}],"predecessor-version":[{"id":13848,"href":"https:\/\/lalupa24.com.ar\/index.php\/wp-json\/wp\/v2\/posts\/13846\/revisions\/13848"}],"wp:featuredmedia":[{"embeddable":true,"href":"https:\/\/lalupa24.com.ar\/index.php\/wp-json\/wp\/v2\/media\/13847"}],"wp:attachment":[{"href":"https:\/\/lalupa24.com.ar\/index.php\/wp-json\/wp\/v2\/media?parent=13846"}],"wp:term":[{"taxonomy":"category","embeddable":true,"href":"https:\/\/lalupa24.com.ar\/index.php\/wp-json\/wp\/v2\/categories?post=13846"},{"taxonomy":"post_tag","embeddable":true,"href":"https:\/\/lalupa24.com.ar\/index.php\/wp-json\/wp\/v2\/tags?post=13846"}],"curies":[{"name":"wp","href":"https:\/\/api.w.org\/{rel}","templated":true}]}}