{"id":13849,"date":"2025-10-31T12:14:55","date_gmt":"2025-10-31T15:14:55","guid":{"rendered":"https:\/\/lalupa24.com.ar\/?p=13849"},"modified":"2025-10-31T12:14:56","modified_gmt":"2025-10-31T15:14:56","slug":"brasil-lula-promulga-una-ley-contra-el-crimen-organizado-tras-la-masacre-de-rio-de-janeiro","status":"publish","type":"post","link":"https:\/\/lalupa24.com.ar\/index.php\/2025\/10\/31\/brasil-lula-promulga-una-ley-contra-el-crimen-organizado-tras-la-masacre-de-rio-de-janeiro\/","title":{"rendered":"Brasil: Lula promulga una ley contra el crimen organizado tras la masacre de R\u00edo de Janeiro"},"content":{"rendered":"\n<p>El presidente brasile\u00f1o insiste en una pol\u00edtica de seguridad que enfrente la ra\u00edz del problema del narcotr\u00e1fico en vez de impulsar la &#8220;matanza&#8221;, tras una megaredada\u00a0 que dej\u00f3 m\u00e1s de 130 muertos y donde se denuncian ejecuciones sumarias<br><br>El presidente brasile\u00f1o, Luiz In\u00e1cio Lula  Da Silva, promulg\u00f3 este mi\u00e9rcoles una Ley que\u00a0incrementa la protecci\u00f3n de los agentes p\u00fablicos que combaten el crimen organizado \u00a0y endurece las penas para quienes intenten obstruir las investigaciones. Mientras tanto, los cuerpos contin\u00faan apilandose en el despu\u00e9s del\u00a0operativo policial mas letal en la historia de Rio de Janeiro.<\/p>\n\n\n\n<p>Lula insisti\u00f3 en que Brasil necesita \u201cuna pol\u00edtica de seguridad p\u00fablica moderna, integrada y que no convierta las favelas en zonas de guerra\u201d. El proyecto de ley que el Ejecutivo envi\u00f3 al Congreso busca precisamente\u00a0unificar las fuerzas\u00a0y crear\u00a0mecanismos de control federal\u00a0sobre las operaciones regionales.\u00a0&#8220;El gobierno brasile\u00f1o no tolera a las organizaciones criminales y act\u00faa con mayor firmeza para combatirlas\u201d, declar\u00f3 Lula a trav\u00e9s de sus redes sociales.<\/p>\n\n\n\n<p>El anuncio se produjo mientras el pa\u00eds sigue conmocionado por la\u00a0Operaci\u00f3n Contenci\u00f3n, lanzada el martes por el gobernador del Estado,\u00a0Cl\u00e1udio Castro.\u00a0El balance oficial del gobierno estatal inform\u00f3 de\u00a0121 muertos, cuatro de ellos polic\u00edas,\u00a0y 113 detenidos. Pero la Defensor\u00eda P\u00fablica, que relev\u00f3 datos en los institutos forenses, elev\u00f3 el n\u00famero de v\u00edctimas a\u00a0132, advirtiendo que\u00a0no todos los fallecidos pertenec\u00edan a facciones criminales.<\/p>\n\n\n\n<p>La &#8220;Operaci\u00f3n Contenci\u00f3n&#8221;, desplegada por el gobierno estatal de Castro antes del amanecer en los complejos de favelas de\u00a0Penha\u00a0y\u00a0Alem\u00e3o, buscaba capturar a los principales cabecillas del\u00a0Comando Vermelho. Participaron unos\u00a02.500 agentes\u00a0de las polic\u00edas Civil y Militar.<\/p>\n\n\n\n<p>Testigos y organizaciones sociales denunciaron\u00a0ejecuciones sumarias. \u201cHay personas ejecutadas con tiros en la nuca o por la espalda. Esto no puede considerarse seguridad p\u00fablica\u201d, afirm\u00f3 el activista\u00a0Raull Santiago.<\/p>\n\n\n\n<p>En\u00a0Vila Cruzeiro, una de las zonas m\u00e1s afectadas, los vecinos pasaron la madrugada recuperando cuerpos entre el olor a p\u00f3lvora y los restos de los enfrentamientos. \u201cNunca vi nada igual, ni siquiera en la Franja de Gaza\u201d, dijo\u00a0Erivelton Vidal Correia, presidente de la asociaci\u00f3n de vecinos.<\/p>\n\n\n\n<p>\u201cDegollaron a mi hijo, le cortaron el cuello y colgaron su cabeza en un \u00e1rbol como un trofeo\u201d, denunci\u00f3\u00a0Raquel Tomas, madre de un joven de 19 a\u00f1os muerto en el operativo.<\/p>\n\n\n\n<p>El operativo\u00a0sumi\u00f3 a buena parte de la ciudad en el caos: escuelas y universidades suspendieron clases, el transporte colaps\u00f3 y miles de personas quedaron atrapadas en sus casas. \u201cEsto ha sido una masacre, no una operaci\u00f3n. Vinieron a matar\u201d, dijo\u00a0Cida Santana, madre de otra v\u00edctima.<\/p>\n\n\n\n<h2 class=\"wp-block-heading\"><\/h2>\n\n\n\n<p>Lula sostuvo que el pa\u00eds necesita\u00a0\u201cuna pol\u00edtica de seguridad moderna, integrada y que no convierta las favelas en zonas de guerra\u201d. Record\u00f3 que su gobierno ya envi\u00f3 al Congreso un proyecto de ley para unificar las fuerzas y crear mecanismos de control federal sobre las operaciones regionales.\u00a0\u201cNecesitamos un trabajo coordinado que impacte la espina dorsal del narcotr\u00e1fico sin colocar polic\u00edas, ni\u00f1os y familias inocentes en riesgo\u201d, escribi\u00f3 el mandatario el mi\u00e9rcoles.<\/p>\n","protected":false},"excerpt":{"rendered":"<p>El presidente brasile\u00f1o insiste en una pol\u00edtica de seguridad que enfrente la ra\u00edz del problema del narcotr\u00e1fico en vez de impulsar la &#8220;matanza&#8221;, tras una megaredada\u00a0 que dej\u00f3 m\u00e1s de 130 muertos y donde se denuncian ejecuciones sumarias El presidente brasile\u00f1o, Luiz In\u00e1cio Lula Da Silva, promulg\u00f3 este mi\u00e9rcoles una Ley que\u00a0incrementa la protecci\u00f3n de [&hellip;]<\/p>\n","protected":false},"author":2,"featured_media":13850,"comment_status":"open","ping_status":"open","sticky":false,"template":"","format":"standard","meta":{"footnotes":""},"categories":[25],"tags":[],"class_list":{"0":"post-13849","1":"post","2":"type-post","3":"status-publish","4":"format-standard","5":"has-post-thumbnail","7":"category-internacionales"},"aioseo_notices":[],"_links":{"self":[{"href":"https:\/\/lalupa24.com.ar\/index.php\/wp-json\/wp\/v2\/posts\/13849","targetHints":{"allow":["GET"]}}],"collection":[{"href":"https:\/\/lalupa24.com.ar\/index.php\/wp-json\/wp\/v2\/posts"}],"about":[{"href":"https:\/\/lalupa24.com.ar\/index.php\/wp-json\/wp\/v2\/types\/post"}],"author":[{"embeddable":true,"href":"https:\/\/lalupa24.com.ar\/index.php\/wp-json\/wp\/v2\/users\/2"}],"replies":[{"embeddable":true,"href":"https:\/\/lalupa24.com.ar\/index.php\/wp-json\/wp\/v2\/comments?post=13849"}],"version-history":[{"count":1,"href":"https:\/\/lalupa24.com.ar\/index.php\/wp-json\/wp\/v2\/posts\/13849\/revisions"}],"predecessor-version":[{"id":13851,"href":"https:\/\/lalupa24.com.ar\/index.php\/wp-json\/wp\/v2\/posts\/13849\/revisions\/13851"}],"wp:featuredmedia":[{"embeddable":true,"href":"https:\/\/lalupa24.com.ar\/index.php\/wp-json\/wp\/v2\/media\/13850"}],"wp:attachment":[{"href":"https:\/\/lalupa24.com.ar\/index.php\/wp-json\/wp\/v2\/media?parent=13849"}],"wp:term":[{"taxonomy":"category","embeddable":true,"href":"https:\/\/lalupa24.com.ar\/index.php\/wp-json\/wp\/v2\/categories?post=13849"},{"taxonomy":"post_tag","embeddable":true,"href":"https:\/\/lalupa24.com.ar\/index.php\/wp-json\/wp\/v2\/tags?post=13849"}],"curies":[{"name":"wp","href":"https:\/\/api.w.org\/{rel}","templated":true}]}}