{"id":13858,"date":"2025-10-31T12:20:40","date_gmt":"2025-10-31T15:20:40","guid":{"rendered":"https:\/\/lalupa24.com.ar\/?p=13858"},"modified":"2025-10-31T12:20:42","modified_gmt":"2025-10-31T15:20:42","slug":"andres-dejara-de-ser-principe-por-orden-del-rey-carlos-iii","status":"publish","type":"post","link":"https:\/\/lalupa24.com.ar\/index.php\/2025\/10\/31\/andres-dejara-de-ser-principe-por-orden-del-rey-carlos-iii\/","title":{"rendered":"Andr\u00e9s dejar\u00e1 de ser pr\u00edncipe por orden del rey Carlos III"},"content":{"rendered":"\n<p>La Corona brit\u00e1nica inici\u00f3 este jueves un proceso formal para retirar el t\u00edtulo de pr\u00edncipe y dem\u00e1s honores y distinciones a Andr\u00e9s, hermano del monarca, a ra\u00edz de la controversia por el pasado v\u00ednculo con el pederasta estadounidense Jeffrey Epstein.<\/p>\n\n\n\n<p>El rey Carlos III del Reino Unido inici\u00f3 este jueves\u00a0un proceso formal para retirar el t\u00edtulo de pr\u00edncipe y dem\u00e1s honores y distinciones a su hermano Andr\u00e9s, seg\u00fan indic\u00f3 el Palacio de Buckingham en un comunicado, a ra\u00edz de la controversia por el pasado v\u00ednculo con el pederasta estadounidense Jeffrey Epstein.<\/p>\n\n\n\n<p>&#8220;Su Majestad (el rey Carlos III) ha iniciado hoy un proceso formal para retirar el t\u00edtulo, los honores y las distinciones del pr\u00edncipe Andr\u00e9s&#8221;, inicia la nota emitida por la casa real brit\u00e1nica<\/p>\n\n\n\n<p>La distinci\u00f3n oficial del tercer hijo de la reina Isabel II\u00a0pasar\u00e1 a ser, a partir de ahora, &#8220;Andr\u00e9s Mountbatten Windsor&#8221;, precis\u00f3 Buckingham, que por primera vez omiti\u00f3 la nomenclatura de pr\u00edncipe.<\/p>\n\n\n\n<p>De acuerdo con la nota, Andr\u00e9s tambi\u00e9n deber\u00e1 abandonar el actual contrato de alquiler en la mansi\u00f3n de Royal Lodge, en las inmediaciones del Castillo de Windsor (al suroeste de Londres), que hasta ahora le ha brindado &#8220;protecci\u00f3n legal&#8221; para continuar residiendo all\u00ed.\u00a0&#8220;Se le ha notificado formalmente que debe renunciar al contrato de alquiler y se trasladar\u00e1 a otro alojamiento privado&#8221;, se\u00f1al\u00f3 el texto.<\/p>\n\n\n\n<p>Del mismo modo, precis\u00f3 que estas sanciones se consideran &#8220;necesarias a pesar que Andr\u00e9s sigue negando las acusaciones en su contra&#8221;\u00a0por los esc\u00e1ndalos sexuales derivados de su relaci\u00f3n con Epstein.<\/p>\n\n\n\n<p>El comunicado de Buckingham finaliza indicando que los monarcas del Reino Unido, Carlos III y Camila, buscan as\u00ed\u00a0&#8220;dejar claro que sus pensamientos y su m\u00e1s sincera solidaridad han estado y seguir\u00e1n estando con las v\u00edctimas\u00a0y los supervivientes de cualquier forma de abuso&#8221;.<\/p>\n\n\n\n<p>Una semana atr\u00e1s, Andr\u00e9s hab\u00eda renunciado al uso de sus honores, pero el esc\u00e1ndalo se reaviva, luego de que una de las supuestas v\u00edctimas sexuales del hasta ahora pr\u00edncipe, Virginia Giuffre, lo acusase en sus memorias postumas.<\/p>\n","protected":false},"excerpt":{"rendered":"<p>La Corona brit\u00e1nica inici\u00f3 este jueves un proceso formal para retirar el t\u00edtulo de pr\u00edncipe y dem\u00e1s honores y distinciones a Andr\u00e9s, hermano del monarca, a ra\u00edz de la controversia por el pasado v\u00ednculo con el pederasta estadounidense Jeffrey Epstein. El rey Carlos III del Reino Unido inici\u00f3 este jueves\u00a0un proceso formal para retirar el [&hellip;]<\/p>\n","protected":false},"author":2,"featured_media":13859,"comment_status":"open","ping_status":"open","sticky":false,"template":"","format":"standard","meta":{"footnotes":""},"categories":[25],"tags":[],"class_list":{"0":"post-13858","1":"post","2":"type-post","3":"status-publish","4":"format-standard","5":"has-post-thumbnail","7":"category-internacionales"},"aioseo_notices":[],"_links":{"self":[{"href":"https:\/\/lalupa24.com.ar\/index.php\/wp-json\/wp\/v2\/posts\/13858","targetHints":{"allow":["GET"]}}],"collection":[{"href":"https:\/\/lalupa24.com.ar\/index.php\/wp-json\/wp\/v2\/posts"}],"about":[{"href":"https:\/\/lalupa24.com.ar\/index.php\/wp-json\/wp\/v2\/types\/post"}],"author":[{"embeddable":true,"href":"https:\/\/lalupa24.com.ar\/index.php\/wp-json\/wp\/v2\/users\/2"}],"replies":[{"embeddable":true,"href":"https:\/\/lalupa24.com.ar\/index.php\/wp-json\/wp\/v2\/comments?post=13858"}],"version-history":[{"count":1,"href":"https:\/\/lalupa24.com.ar\/index.php\/wp-json\/wp\/v2\/posts\/13858\/revisions"}],"predecessor-version":[{"id":13860,"href":"https:\/\/lalupa24.com.ar\/index.php\/wp-json\/wp\/v2\/posts\/13858\/revisions\/13860"}],"wp:featuredmedia":[{"embeddable":true,"href":"https:\/\/lalupa24.com.ar\/index.php\/wp-json\/wp\/v2\/media\/13859"}],"wp:attachment":[{"href":"https:\/\/lalupa24.com.ar\/index.php\/wp-json\/wp\/v2\/media?parent=13858"}],"wp:term":[{"taxonomy":"category","embeddable":true,"href":"https:\/\/lalupa24.com.ar\/index.php\/wp-json\/wp\/v2\/categories?post=13858"},{"taxonomy":"post_tag","embeddable":true,"href":"https:\/\/lalupa24.com.ar\/index.php\/wp-json\/wp\/v2\/tags?post=13858"}],"curies":[{"name":"wp","href":"https:\/\/api.w.org\/{rel}","templated":true}]}}