{"id":13865,"date":"2025-10-31T12:25:58","date_gmt":"2025-10-31T15:25:58","guid":{"rendered":"https:\/\/lalupa24.com.ar\/?p=13865"},"modified":"2025-10-31T12:25:59","modified_gmt":"2025-10-31T15:25:59","slug":"en-goya-un-nene-fue-golpeado-por-sus-companeros-en-la-escuela-la-impactante-carta-de-su-mama","status":"publish","type":"post","link":"https:\/\/lalupa24.com.ar\/index.php\/2025\/10\/31\/en-goya-un-nene-fue-golpeado-por-sus-companeros-en-la-escuela-la-impactante-carta-de-su-mama\/","title":{"rendered":"En Goya un nene fue golpeado por sus compa\u00f1eros en la escuela, la impactante carta de su mam\u00e1"},"content":{"rendered":"\n<p>Seg\u00fan los familiares del ni\u00f1o agredido, el ataque de compa\u00f1eros ocurri\u00f3 ayer mi\u00e9rcoles 29\/10 durante el ingreso a la Escuela Graduada N\u00b065 de la ciudad de esa ciudad del interior provincial.<\/p>\n\n\n\n<p>El peque\u00f1o habr\u00eda sido empujado contra una escalera por un compa\u00f1ero. Sufri\u00f3 golpes y, tanto la maestra como la directora, minimizaron la situaci\u00f3n, asegurando que \u201cse lo hizo solo por ser terrible\u201d.<\/p>\n\n\n\n<p>La familia sostiene que no se llam\u00f3 a ning\u00fan m\u00e9dico ni se dio aviso inmediato a los tutores: \u201cEsperaron casi tres horas para avisar a mi hermana, la \u00fanica tutora que contactaron\u201d, relat\u00f3 una t\u00eda de la v\u00edctima.<\/p>\n\n\n\n<p>Soy la mam\u00e1 del nene que fue golpeado en la Escuela Graduada N\u00b065, donde cursa primer grado en el turno tarde.<\/p>\n\n\n\n<p>Quiero contar la situaci\u00f3n de violencia que mi hijo vivi\u00f3 y lo que nosotros, como familia, estamos atravesando, hay una inoperancia por parte de docentes y directivos.<\/p>\n\n\n\n<p>Ayer, durante el horario de entrada (13:20), mi hijo jugaba con dos compa\u00f1eros cuando uno de ellos lo atac\u00f3, arrastr\u00e1ndolo y golpeando su cabeza contra las escaleras del establecimiento, sin supervisi\u00f3n de ning\u00fan adulto.<\/p>\n\n\n\n<p>A las 16:23 la maestra me llam\u00f3 para avisarme que \u201cse golpe\u00f3 corriendo\u201d y que estaba siendo atendido por param\u00e9dicos.<\/p>\n\n\n\n<p>Cuando llegu\u00e9, lo vi con la cabeza lastimada \u2014\u201cun golpe superficial\u201d, seg\u00fan la escuela\u2014, pero para m\u00ed, era la cabeza de mi hijo rota contra una escalera de baldosas.<\/p>\n\n\n\n<p>La docente realiz\u00f3 un acta diciendo que \u201cmi hijo se cay\u00f3 solo jugando\u201d, algo con lo que no estuve de acuerdo.<\/p>\n\n\n\n<p>Le manifest\u00e9 mi desacuerdo y le record\u00e9 que mi hijo cont\u00f3 que fue empujado y agredido.<\/p>\n\n\n\n<p>La respuesta que recib\u00ed fue que \u201c\u00e9l se porta mal, corre y es inquieto\u201d, como si ser un ni\u00f1o de seis a\u00f1os justificara el descuido o la agresi\u00f3n.<\/p>\n\n\n\n<p>Habl\u00e9 con la directora, quien neg\u00f3 que haya existido una agresi\u00f3n. Le record\u00e9 adem\u00e1s que esa misma maestra ya hab\u00eda tenido actitudes inapropiadas, como alzarlo de la oreja o dejarlo afuera de actividades escolares.<\/p>\n\n\n\n<p>La respuesta que obtuve fue que, si estoy disconforme, \u201ccambie de escuela a su hijo porque es terrible\u201d.<\/p>\n\n\n\n<p>Hoy mi hijo tiene miedo de volver a la escuela.<\/p>\n\n\n\n<p>Miedo de que lo agredan. Miedo de que lo traten mal. Y yo, como mam\u00e1, tengo miedo de que un d\u00eda me llamen y sea una noticia mucho peor&#8221;.<\/p>\n\n\n\n<p><\/p>\n\n\n\n<p><\/p>\n\n\n\n<p><\/p>\n","protected":false},"excerpt":{"rendered":"<p>Seg\u00fan los familiares del ni\u00f1o agredido, el ataque de compa\u00f1eros ocurri\u00f3 ayer mi\u00e9rcoles 29\/10 durante el ingreso a la Escuela Graduada N\u00b065 de la ciudad de esa ciudad del interior provincial. El peque\u00f1o habr\u00eda sido empujado contra una escalera por un compa\u00f1ero. Sufri\u00f3 golpes y, tanto la maestra como la directora, minimizaron la situaci\u00f3n, asegurando [&hellip;]<\/p>\n","protected":false},"author":2,"featured_media":13866,"comment_status":"open","ping_status":"open","sticky":false,"template":"","format":"standard","meta":{"footnotes":""},"categories":[28],"tags":[],"class_list":{"0":"post-13865","1":"post","2":"type-post","3":"status-publish","4":"format-standard","5":"has-post-thumbnail","7":"category-locales"},"aioseo_notices":[],"_links":{"self":[{"href":"https:\/\/lalupa24.com.ar\/index.php\/wp-json\/wp\/v2\/posts\/13865","targetHints":{"allow":["GET"]}}],"collection":[{"href":"https:\/\/lalupa24.com.ar\/index.php\/wp-json\/wp\/v2\/posts"}],"about":[{"href":"https:\/\/lalupa24.com.ar\/index.php\/wp-json\/wp\/v2\/types\/post"}],"author":[{"embeddable":true,"href":"https:\/\/lalupa24.com.ar\/index.php\/wp-json\/wp\/v2\/users\/2"}],"replies":[{"embeddable":true,"href":"https:\/\/lalupa24.com.ar\/index.php\/wp-json\/wp\/v2\/comments?post=13865"}],"version-history":[{"count":1,"href":"https:\/\/lalupa24.com.ar\/index.php\/wp-json\/wp\/v2\/posts\/13865\/revisions"}],"predecessor-version":[{"id":13867,"href":"https:\/\/lalupa24.com.ar\/index.php\/wp-json\/wp\/v2\/posts\/13865\/revisions\/13867"}],"wp:featuredmedia":[{"embeddable":true,"href":"https:\/\/lalupa24.com.ar\/index.php\/wp-json\/wp\/v2\/media\/13866"}],"wp:attachment":[{"href":"https:\/\/lalupa24.com.ar\/index.php\/wp-json\/wp\/v2\/media?parent=13865"}],"wp:term":[{"taxonomy":"category","embeddable":true,"href":"https:\/\/lalupa24.com.ar\/index.php\/wp-json\/wp\/v2\/categories?post=13865"},{"taxonomy":"post_tag","embeddable":true,"href":"https:\/\/lalupa24.com.ar\/index.php\/wp-json\/wp\/v2\/tags?post=13865"}],"curies":[{"name":"wp","href":"https:\/\/api.w.org\/{rel}","templated":true}]}}