{"id":13886,"date":"2025-10-31T12:59:28","date_gmt":"2025-10-31T15:59:28","guid":{"rendered":"https:\/\/lalupa24.com.ar\/?p=13886"},"modified":"2025-10-31T12:59:29","modified_gmt":"2025-10-31T15:59:29","slug":"amplio-operativo-de-limpieza-en-el-cementerio-san-francisco-solano","status":"publish","type":"post","link":"https:\/\/lalupa24.com.ar\/index.php\/2025\/10\/31\/amplio-operativo-de-limpieza-en-el-cementerio-san-francisco-solano\/","title":{"rendered":"Amplio operativo de limpieza en el cementerio &#8220;San Francisco Solano&#8221;"},"content":{"rendered":"\n<p><\/p>\n\n\n\n<p>La Municipalidad de Resistencia ejecut\u00f3 este viernes un gran operativo de limpieza en el cementerio \u201cSan Francisco Solano\u201d, tarea que se realiza frecuentemente, pero que ahora se reforz\u00f3 teniendo en cuenta que este domingo 2 de noviembre se conmemorar\u00e1 el D\u00eda de los Santos Difuntos.<\/p>\n\n\n\n<p>Valeria Prieto, de la Coordinaci\u00f3n de los Centros Comunitarios y Delegaciones Municipales, explic\u00f3 que para esta intervenci\u00f3n se afectaron a 50 personas, tanto del CCM de Villa El Dorado como del cementerio, debido a que se trabaj\u00f3 en todo el extenso predio.<\/p>\n\n\n\n<p>Se llevaron a cabo tareas de desmalezado, barrido y retiro de escombros, de tal manera de dejar en buenas condiciones, tanto los pasillos como la zona de panteones, el Osario y la Cruz Mayor.<\/p>\n\n\n\n<p>Cabe se\u00f1alar que las instalaciones del cementerio permanecer\u00e1n abiertas desde las 7 hasta las 18 horas.<\/p>\n\n\n\n<p>Asimismo, se recuerda a los propietarios de los panteones la prohibici\u00f3n de dejar velas encendidas en el lugar, a fin de evitar accidentes de impredecibles consecuencias y que se reemplace arena por agua en los floreros.<\/p>\n\n\n\n<p>No estar\u00e1 permitido en esa jornada el ingreso de cualquier tipo de veh\u00edculos, salvo servicios f\u00fanebres o traslado de personas discapacitadas o ancianas.<\/p>\n","protected":false},"excerpt":{"rendered":"<p>La Municipalidad de Resistencia ejecut\u00f3 este viernes un gran operativo de limpieza en el cementerio \u201cSan Francisco Solano\u201d, tarea que se realiza frecuentemente, pero que ahora se reforz\u00f3 teniendo en cuenta que este domingo 2 de noviembre se conmemorar\u00e1 el D\u00eda de los Santos Difuntos. Valeria Prieto, de la Coordinaci\u00f3n de los Centros Comunitarios y [&hellip;]<\/p>\n","protected":false},"author":2,"featured_media":13887,"comment_status":"open","ping_status":"open","sticky":false,"template":"","format":"standard","meta":{"footnotes":""},"categories":[28],"tags":[],"class_list":{"0":"post-13886","1":"post","2":"type-post","3":"status-publish","4":"format-standard","5":"has-post-thumbnail","7":"category-locales"},"aioseo_notices":[],"_links":{"self":[{"href":"https:\/\/lalupa24.com.ar\/index.php\/wp-json\/wp\/v2\/posts\/13886","targetHints":{"allow":["GET"]}}],"collection":[{"href":"https:\/\/lalupa24.com.ar\/index.php\/wp-json\/wp\/v2\/posts"}],"about":[{"href":"https:\/\/lalupa24.com.ar\/index.php\/wp-json\/wp\/v2\/types\/post"}],"author":[{"embeddable":true,"href":"https:\/\/lalupa24.com.ar\/index.php\/wp-json\/wp\/v2\/users\/2"}],"replies":[{"embeddable":true,"href":"https:\/\/lalupa24.com.ar\/index.php\/wp-json\/wp\/v2\/comments?post=13886"}],"version-history":[{"count":1,"href":"https:\/\/lalupa24.com.ar\/index.php\/wp-json\/wp\/v2\/posts\/13886\/revisions"}],"predecessor-version":[{"id":13888,"href":"https:\/\/lalupa24.com.ar\/index.php\/wp-json\/wp\/v2\/posts\/13886\/revisions\/13888"}],"wp:featuredmedia":[{"embeddable":true,"href":"https:\/\/lalupa24.com.ar\/index.php\/wp-json\/wp\/v2\/media\/13887"}],"wp:attachment":[{"href":"https:\/\/lalupa24.com.ar\/index.php\/wp-json\/wp\/v2\/media?parent=13886"}],"wp:term":[{"taxonomy":"category","embeddable":true,"href":"https:\/\/lalupa24.com.ar\/index.php\/wp-json\/wp\/v2\/categories?post=13886"},{"taxonomy":"post_tag","embeddable":true,"href":"https:\/\/lalupa24.com.ar\/index.php\/wp-json\/wp\/v2\/tags?post=13886"}],"curies":[{"name":"wp","href":"https:\/\/api.w.org\/{rel}","templated":true}]}}