{"id":1389,"date":"2024-05-18T12:19:42","date_gmt":"2024-05-18T15:19:42","guid":{"rendered":"https:\/\/lalupa24.com.ar\/?p=1389"},"modified":"2024-05-24T12:21:36","modified_gmt":"2024-05-24T15:21:36","slug":"de-la-huerta-a-la-mesa-segunda-edicion-de-la-feria-de-pequenos-productores","status":"publish","type":"post","link":"https:\/\/lalupa24.com.ar\/index.php\/2024\/05\/18\/de-la-huerta-a-la-mesa-segunda-edicion-de-la-feria-de-pequenos-productores\/","title":{"rendered":"\u201cDe la huerta a la mesa\u201d segunda edici\u00f3n de la feria de peque\u00f1os productores"},"content":{"rendered":"\n<p><\/p>\n\n\n\n<p>Este s\u00e1bado, se desarroll\u00f3 nuevamente la segunda jornada de la Feria de Peque\u00f1os Productores de la regi\u00f3n. Los vecinos que visitaron los distintos puestos, se encontraron con variedades de productos hort\u00edcolas, frut\u00edcolas, pescados de r\u00edo, conservas, quesos, chacinados, entre otros.<br>Estas actividades son realizadas por el Gobierno Provincial y el Municipio de Resistencia, donde hubo todo tipo de productores que comercializan a buen precio, en la zona del Pasaje Fabriciano del Domo del Centenario.<br>Clelia \u00c1vila, remarc\u00f3 \u201cEsta es la segunda Feria de lo que va del a\u00f1o, que organizamos, desde Gobierno de la Provincia, el Ministerio de la Producci\u00f3n y otros organismos, como tambi\u00e9n nos acompa\u00f1a la municipalidad, para apoyar y tener un escenario, un \u00e1mbito de comercializaci\u00f3n de los productos, que lo obtiene el hombre de campo, fundamentalmente con la gente\u201d.<br>Agreg\u00f3 tambi\u00e9n; \u201cNosotros, tenemos nucleados a los peque\u00f1os productores a trav\u00e9s de los consorcios de servicios rurales, los consorcios productivos, y ellos encuentran el \u00e1mbito propicio, la gente a la vez, o sea los consumidores vienen y tienen sus productos, los productos que necesitan frescos directamente desde la huerta al consumidor y a un precio muy accesible\u201d, indic\u00f3 Clelia Avila.<br>Tambi\u00e9n resalt\u00f3; \u201cLas instrucciones del gobernador Zdero es brindar estos espacios, para el productor, apoyarlos y acompa\u00f1arlos en todo lo que tenga que ver con su actividad y el progreso que cada familia y cada consorcio est\u00e1 esperando, tener esta posibilidad porque la gente le gusta y pide estas ferias\u201d.<\/p>\n\n\n\n<p>Por su parte Pablo Mujica, subsecretario de Desarrollo Humano de la Municipalidad de Resistencia, dijo; \u201cLa Municipalidad de Resistencia acompa\u00f1ando nuevamente al Gobierno de la provincia, a trav\u00e9s del Ministerio de la Producci\u00f3n, de Desarrollo Humano, en esta iniciativa que ya no es solamente una feria de productores primarios, sino que ya es un programa\u201d.<br>Agreg\u00f3 tambi\u00e9n que; \u201cEstamos muy contentos porque de la chacra a la mesa, de la huerta a la mesa, y peque\u00f1os productores de chacinados, de panificados, de conservas, incluso de pescados, que tienen la posibilidad de la comercializaci\u00f3n directa y que el gobierno, el Estado, sea el veh\u00edculo para que tengan esa comercializaci\u00f3n directa con el vecino. La verdad es que es un \u00e9xito porque hay una respuesta del vecino\u201d.<\/p>\n","protected":false},"excerpt":{"rendered":"<p>Este s\u00e1bado, se desarroll\u00f3 nuevamente la segunda jornada de la Feria de Peque\u00f1os Productores de la regi\u00f3n. Los vecinos que visitaron los distintos puestos, se encontraron con variedades de productos hort\u00edcolas, frut\u00edcolas, pescados de r\u00edo, conservas, quesos, chacinados, entre otros.Estas actividades son realizadas por el Gobierno Provincial y el Municipio de Resistencia, donde hubo todo [&hellip;]<\/p>\n","protected":false},"author":2,"featured_media":1390,"comment_status":"open","ping_status":"open","sticky":false,"template":"","format":"standard","meta":{"footnotes":""},"categories":[28],"tags":[],"class_list":{"0":"post-1389","1":"post","2":"type-post","3":"status-publish","4":"format-standard","5":"has-post-thumbnail","7":"category-locales"},"aioseo_notices":[],"_links":{"self":[{"href":"https:\/\/lalupa24.com.ar\/index.php\/wp-json\/wp\/v2\/posts\/1389","targetHints":{"allow":["GET"]}}],"collection":[{"href":"https:\/\/lalupa24.com.ar\/index.php\/wp-json\/wp\/v2\/posts"}],"about":[{"href":"https:\/\/lalupa24.com.ar\/index.php\/wp-json\/wp\/v2\/types\/post"}],"author":[{"embeddable":true,"href":"https:\/\/lalupa24.com.ar\/index.php\/wp-json\/wp\/v2\/users\/2"}],"replies":[{"embeddable":true,"href":"https:\/\/lalupa24.com.ar\/index.php\/wp-json\/wp\/v2\/comments?post=1389"}],"version-history":[{"count":1,"href":"https:\/\/lalupa24.com.ar\/index.php\/wp-json\/wp\/v2\/posts\/1389\/revisions"}],"predecessor-version":[{"id":1391,"href":"https:\/\/lalupa24.com.ar\/index.php\/wp-json\/wp\/v2\/posts\/1389\/revisions\/1391"}],"wp:featuredmedia":[{"embeddable":true,"href":"https:\/\/lalupa24.com.ar\/index.php\/wp-json\/wp\/v2\/media\/1390"}],"wp:attachment":[{"href":"https:\/\/lalupa24.com.ar\/index.php\/wp-json\/wp\/v2\/media?parent=1389"}],"wp:term":[{"taxonomy":"category","embeddable":true,"href":"https:\/\/lalupa24.com.ar\/index.php\/wp-json\/wp\/v2\/categories?post=1389"},{"taxonomy":"post_tag","embeddable":true,"href":"https:\/\/lalupa24.com.ar\/index.php\/wp-json\/wp\/v2\/tags?post=1389"}],"curies":[{"name":"wp","href":"https:\/\/api.w.org\/{rel}","templated":true}]}}