{"id":13892,"date":"2025-10-31T13:07:31","date_gmt":"2025-10-31T16:07:31","guid":{"rendered":"https:\/\/lalupa24.com.ar\/?p=13892"},"modified":"2025-10-31T13:07:32","modified_gmt":"2025-10-31T16:07:32","slug":"inversion-en-la-policia-de-corrientes-el-nuevo-complejo-formativo-santa-catalina-tiene-piscina-semi-olimpica-y-polideportivo","status":"publish","type":"post","link":"https:\/\/lalupa24.com.ar\/index.php\/2025\/10\/31\/inversion-en-la-policia-de-corrientes-el-nuevo-complejo-formativo-santa-catalina-tiene-piscina-semi-olimpica-y-polideportivo\/","title":{"rendered":"Inversi\u00f3n en la Polic\u00eda de Corrientes: el nuevo Complejo Formativo Santa Catalina tiene piscina semi ol\u00edmpica y polideportivo"},"content":{"rendered":"\n<p>El gobernador\u00a0Gustavo Vald\u00e9s\u00a0encabez\u00f3 el acto de inauguraci\u00f3n del\u00a0Complejo Formativo Policial Santa Catalina, una obra monumental que moderniza la infraestructura edilicia destinada a la capacitaci\u00f3n de los futuros efectivos de la Polic\u00eda de Corrientes.<\/p>\n\n\n\n<p>Ubicado en la intersecci\u00f3n de las avenidas Santa Catalina y Nini Flores, el complejo cuenta con\u00a04.500 metros cuadrados de nueva infraestructura\u00a0y una refacci\u00f3n similar, totalizando\u00a09.000 metros cuadrados\u00a0en funcionamiento.<\/p>\n\n\n\n<p>Vald\u00e9s destac\u00f3 que el proyecto fue un &#8220;gran paso&#8221;, ya que la antigua Escuela de Polic\u00eda no ten\u00eda capacidad para albergar al personal. En l\u00ednea con la b\u00fasqueda de una\u00a0&#8220;educaci\u00f3n de excelencia&#8221;, el mandatario record\u00f3 que su gesti\u00f3n extendi\u00f3 la formaci\u00f3n de los oficiales de Sub-Ayudantes de\u00a0dos a cuatro a\u00f1os.<\/p>\n\n\n\n<p>El complejo incluye una\u00a0piscina semi ol\u00edmpica, vestuarios, tres m\u00f3dulos de aulas integrales, un\u00a0polideportivo cubierto, gimnasio y la refacci\u00f3n a nuevo de dormitorios y el comedor, entre otras obras.<\/p>\n\n\n\n<p>El ministro de Seguridad,\u00a0Alfredo Vallejos, asegur\u00f3 que la inauguraci\u00f3n &#8220;marcar\u00e1 un antes y un despu\u00e9s en la historia de la fuerza&#8221;, consolidando la transformaci\u00f3n hacia una polic\u00eda &#8220;m\u00e1s profesional, m\u00e1s preparada y m\u00e1s humana&#8221;.<\/p>\n\n\n\n<p>Vald\u00e9s vincul\u00f3 la nueva formaci\u00f3n policial con las recientes reformas legislativas destinadas a mejorar la seguridad y la persecuci\u00f3n del delito. Destac\u00f3 la reciente promulgaci\u00f3n de la\u00a0Ley de Narcomenudeo, que busca &#8220;atacar a esas bandas criminosas que se dedican al narcomenudeo y que generan delitos en cada uno de nuestros barrios&#8221;.<\/p>\n\n\n\n<p>Adem\u00e1s, el gobernador resalt\u00f3 la transformaci\u00f3n del sistema judicial provincial, con el cambio del\u00a0C\u00f3digo Procesal Penal\u00a0que permiti\u00f3 el salto del proceso mixto al\u00a0acusatorio.<\/p>\n\n\n\n<p>Al cerrar su discurso, Vald\u00e9s inform\u00f3 que la provincia cuenta con\u00a09.400 efectivos\u00a0en actividad y casi\u00a02.000\u00a0en preparaci\u00f3n, trabajando para alcanzar la proporci\u00f3n recomendada de &#8220;un efectivo policial cada 100 habitantes&#8221;.<\/p>\n","protected":false},"excerpt":{"rendered":"<p>El gobernador\u00a0Gustavo Vald\u00e9s\u00a0encabez\u00f3 el acto de inauguraci\u00f3n del\u00a0Complejo Formativo Policial Santa Catalina, una obra monumental que moderniza la infraestructura edilicia destinada a la capacitaci\u00f3n de los futuros efectivos de la Polic\u00eda de Corrientes. Ubicado en la intersecci\u00f3n de las avenidas Santa Catalina y Nini Flores, el complejo cuenta con\u00a04.500 metros cuadrados de nueva infraestructura\u00a0y una [&hellip;]<\/p>\n","protected":false},"author":2,"featured_media":13893,"comment_status":"open","ping_status":"open","sticky":false,"template":"","format":"standard","meta":{"footnotes":""},"categories":[28],"tags":[],"class_list":{"0":"post-13892","1":"post","2":"type-post","3":"status-publish","4":"format-standard","5":"has-post-thumbnail","7":"category-locales"},"aioseo_notices":[],"_links":{"self":[{"href":"https:\/\/lalupa24.com.ar\/index.php\/wp-json\/wp\/v2\/posts\/13892","targetHints":{"allow":["GET"]}}],"collection":[{"href":"https:\/\/lalupa24.com.ar\/index.php\/wp-json\/wp\/v2\/posts"}],"about":[{"href":"https:\/\/lalupa24.com.ar\/index.php\/wp-json\/wp\/v2\/types\/post"}],"author":[{"embeddable":true,"href":"https:\/\/lalupa24.com.ar\/index.php\/wp-json\/wp\/v2\/users\/2"}],"replies":[{"embeddable":true,"href":"https:\/\/lalupa24.com.ar\/index.php\/wp-json\/wp\/v2\/comments?post=13892"}],"version-history":[{"count":1,"href":"https:\/\/lalupa24.com.ar\/index.php\/wp-json\/wp\/v2\/posts\/13892\/revisions"}],"predecessor-version":[{"id":13894,"href":"https:\/\/lalupa24.com.ar\/index.php\/wp-json\/wp\/v2\/posts\/13892\/revisions\/13894"}],"wp:featuredmedia":[{"embeddable":true,"href":"https:\/\/lalupa24.com.ar\/index.php\/wp-json\/wp\/v2\/media\/13893"}],"wp:attachment":[{"href":"https:\/\/lalupa24.com.ar\/index.php\/wp-json\/wp\/v2\/media?parent=13892"}],"wp:term":[{"taxonomy":"category","embeddable":true,"href":"https:\/\/lalupa24.com.ar\/index.php\/wp-json\/wp\/v2\/categories?post=13892"},{"taxonomy":"post_tag","embeddable":true,"href":"https:\/\/lalupa24.com.ar\/index.php\/wp-json\/wp\/v2\/tags?post=13892"}],"curies":[{"name":"wp","href":"https:\/\/api.w.org\/{rel}","templated":true}]}}