{"id":13924,"date":"2025-11-02T17:13:56","date_gmt":"2025-11-02T20:13:56","guid":{"rendered":"https:\/\/lalupa24.com.ar\/?p=13924"},"modified":"2025-11-02T17:13:57","modified_gmt":"2025-11-02T20:13:57","slug":"gobernadores-advierten-a-milei-necesitamos-interlocutores-que-tomen-decisiones-tras-la-salida-de-francos","status":"publish","type":"post","link":"https:\/\/lalupa24.com.ar\/index.php\/2025\/11\/02\/gobernadores-advierten-a-milei-necesitamos-interlocutores-que-tomen-decisiones-tras-la-salida-de-francos\/","title":{"rendered":"GOBERNADORES ADVIERTEN A MILEI: \u201cNECESITAMOS INTERLOCUTORES QUE TOMEN DECISIONES\u201d TRAS LA SALIDA DE FRANCOS"},"content":{"rendered":"\n<p>La reciente y sorpresiva renuncia de Guillermo Francos a la Jefatura de Gabinete ha generado desconcierto e inquietud entre los gobernadores, quienes han elevado una clara advertencia al Gobierno nacional sobre la necesidad de contar con funcionarios con <strong>poder real de decisi\u00f3n<\/strong> para avanzar en las negociaciones pol\u00edticas clave.<\/p>\n\n\n\n<p>El reclamo fue sintetizado por <strong>Gustavo S\u00e1enz<\/strong>, gobernador de Salta, quien admiti\u00f3 p\u00fablicamente la frustraci\u00f3n que sent\u00edan los mandatarios provinciales con la din\u00e1mica anterior. S\u00e1enz se\u00f1al\u00f3 que, si bien el di\u00e1logo exist\u00eda, muchas cuestiones cruciales para las provincias &#8220;no se solucionaban&#8221;, y atribuy\u00f3 esta ineficacia a la <strong>falta de autonom\u00eda<\/strong> de los interlocutores del Gobierno, incluido Francos.<\/p>\n\n\n\n<h3 class=\"wp-block-heading\">\ud83d\uded1 <strong>Los Puntos Clave de la Advertencia de los Gobernadores<\/strong><\/h3>\n\n\n\n<ul class=\"wp-block-list\">\n<li><strong>Falta de Capacidad Resolutiva:<\/strong> El principal reproche de los mandatarios provinciales es que los funcionarios de la Casa Rosada encargados de la negociaci\u00f3n pol\u00edtica \u2014como lo eran Francos y Lisandro Catal\u00e1n en Interior\u2014 carec\u00edan de la capacidad final para firmar acuerdos o destrabar gestiones sin depender de la aprobaci\u00f3n de otras \u00e1reas, principalmente el Ministerio de Econom\u00eda.\ud83d\udcac <em>&#8220;Necesitamos interlocutores que tomen decisiones y que puedan hacerlo sin tener que esperar la autorizaci\u00f3n de otros ministros,&#8221;<\/em> declar\u00f3 S\u00e1enz.<\/li>\n\n\n\n<li><strong>Contexto de Fragilidad:<\/strong> Las salidas de Francos y Catal\u00e1n se produjeron apenas 24 horas despu\u00e9s de una reuni\u00f3n del presidente Milei con veinte gobernadores. Si bien el clima del encuentro fue calificado de positivo por el Presidente, la renuncia intempestiva de los principales nexos pol\u00edticos volvi\u00f3 a sembrar <strong>dudas sobre la estabilidad y la seriedad<\/strong> del canal de di\u00e1logo.<\/li>\n\n\n\n<li><strong>Priorizaci\u00f3n de Reformas y Fondos:<\/strong> El desconcierto se da en un momento cr\u00edtico donde se deben discutir temas sensibles para la gobernabilidad, como la aprobaci\u00f3n de la reforma laboral, la reforma impositiva, el <strong>Presupuesto 2026<\/strong> y, sobre todo, la coparticipaci\u00f3n de fondos y la obra p\u00fablica. Los gobernadores necesitan interlocutores fuertes para garantizar que sus intereses en estas \u00e1reas sean respetados.<\/li>\n<\/ul>\n\n\n\n<h3 class=\"wp-block-heading\">\ud83d\udc64 <strong>Expectativa ante el Nuevo Jefe de Gabinete<\/strong><\/h3>\n\n\n\n<p>El nombramiento de <strong>Manuel Adorni<\/strong> como nuevo Jefe de Gabinete es visto con una mezcla de cautela y esperanza. Aunque Adorni carece de la experiencia pol\u00edtica territorial de Francos, algunos analistas y fuentes cercanas al Gobierno sugieren que su cercan\u00eda al presidente Milei y a la secretaria general de la Presidencia, Karina Milei, podr\u00eda otorgarle la <strong>autoridad y el poder de decisi\u00f3n<\/strong> que justamente reclamaban los gobernadores.<\/p>\n\n\n\n<p>Los mandatarios provinciales, como el salte\u00f1o S\u00e1enz y el catamarque\u00f1o Ra\u00fal Jalil, han solicitado un comp\u00e1s de espera para juzgar la gesti\u00f3n de Adorni, con la expectativa de que se materialice el &#8220;di\u00e1logo y consenso&#8221; que el Presidente prometi\u00f3 mantener con las provincias.<\/p>\n\n\n\n<p>Este episodio subraya que el principal desaf\u00edo del Gobierno en esta nueva etapa es lograr una <strong>articulaci\u00f3n pol\u00edtica eficaz<\/strong> que no solo dependa de la voluntad presidencial, sino que se sustente en funcionarios con la jerarqu\u00eda necesaria para ejecutar acuerdos en un esquema altamente centralizado en torno a la figura del Presidente y el ministro de Econom\u00eda.<\/p>\n","protected":false},"excerpt":{"rendered":"<p>La reciente y sorpresiva renuncia de Guillermo Francos a la Jefatura de Gabinete ha generado desconcierto e inquietud entre los gobernadores, quienes han elevado una clara advertencia al Gobierno nacional sobre la necesidad de contar con funcionarios con poder real de decisi\u00f3n para avanzar en las negociaciones pol\u00edticas clave. El reclamo fue sintetizado por Gustavo [&hellip;]<\/p>\n","protected":false},"author":2,"featured_media":13926,"comment_status":"open","ping_status":"open","sticky":false,"template":"","format":"standard","meta":{"footnotes":""},"categories":[26],"tags":[],"class_list":{"0":"post-13924","1":"post","2":"type-post","3":"status-publish","4":"format-standard","5":"has-post-thumbnail","7":"category-nacionales"},"aioseo_notices":[],"_links":{"self":[{"href":"https:\/\/lalupa24.com.ar\/index.php\/wp-json\/wp\/v2\/posts\/13924","targetHints":{"allow":["GET"]}}],"collection":[{"href":"https:\/\/lalupa24.com.ar\/index.php\/wp-json\/wp\/v2\/posts"}],"about":[{"href":"https:\/\/lalupa24.com.ar\/index.php\/wp-json\/wp\/v2\/types\/post"}],"author":[{"embeddable":true,"href":"https:\/\/lalupa24.com.ar\/index.php\/wp-json\/wp\/v2\/users\/2"}],"replies":[{"embeddable":true,"href":"https:\/\/lalupa24.com.ar\/index.php\/wp-json\/wp\/v2\/comments?post=13924"}],"version-history":[{"count":1,"href":"https:\/\/lalupa24.com.ar\/index.php\/wp-json\/wp\/v2\/posts\/13924\/revisions"}],"predecessor-version":[{"id":13927,"href":"https:\/\/lalupa24.com.ar\/index.php\/wp-json\/wp\/v2\/posts\/13924\/revisions\/13927"}],"wp:featuredmedia":[{"embeddable":true,"href":"https:\/\/lalupa24.com.ar\/index.php\/wp-json\/wp\/v2\/media\/13926"}],"wp:attachment":[{"href":"https:\/\/lalupa24.com.ar\/index.php\/wp-json\/wp\/v2\/media?parent=13924"}],"wp:term":[{"taxonomy":"category","embeddable":true,"href":"https:\/\/lalupa24.com.ar\/index.php\/wp-json\/wp\/v2\/categories?post=13924"},{"taxonomy":"post_tag","embeddable":true,"href":"https:\/\/lalupa24.com.ar\/index.php\/wp-json\/wp\/v2\/tags?post=13924"}],"curies":[{"name":"wp","href":"https:\/\/api.w.org\/{rel}","templated":true}]}}